{"id":241009,"date":"2024-01-03T15:17:56","date_gmt":"2024-01-03T18:17:56","guid":{"rendered":"https:\/\/www.redenoticia.com.br\/noticia\/?p=241009"},"modified":"2024-01-03T15:17:56","modified_gmt":"2024-01-03T18:17:56","slug":"resumo-sera-isso-amor-04-01-eda-pede-demissao-a-deniz","status":"publish","type":"post","link":"https:\/\/migracao.redenoticia.com.br\/noticia\/2024\/resumo-sera-isso-amor-04-01-eda-pede-demissao-a-deniz\/241009","title":{"rendered":"Resumo \u201cSer\u00e1 Isso Amor?\u201d 04\/01: Eda pede demiss\u00e3o a Deniz"},"content":{"rendered":"<p> <img loading=\"lazy\" decoding=\"async\" class=\"aligncenter size-full wp-image-235988\" src=\"https:\/\/migracao.redenoticia.com.br\/noticia\/imagens\/novela-sera-isso-amor-tnt-resumo-elenco.jpg\" alt=\"\" width=\"1280\" height=\"720\" srcset=\"https:\/\/migracao.redenoticia.com.br\/noticia\/imagens\/novela-sera-isso-amor-tnt-resumo-elenco.jpg 1280w, https:\/\/migracao.redenoticia.com.br\/noticia\/imagens\/novela-sera-isso-amor-tnt-resumo-elenco-250x140.jpg 250w, https:\/\/migracao.redenoticia.com.br\/noticia\/imagens\/novela-sera-isso-amor-tnt-resumo-elenco-400x225.jpg 400w, https:\/\/migracao.redenoticia.com.br\/noticia\/imagens\/novela-sera-isso-amor-tnt-resumo-elenco-768x432.jpg 768w, https:\/\/migracao.redenoticia.com.br\/noticia\/imagens\/novela-sera-isso-amor-tnt-resumo-elenco-150x84.jpg 150w\" sizes=\"auto, (max-width: 1280px) 100vw, 1280px\" \/><\/p>\n<p><strong><em>Resumo da novela \u201cSer\u00e1 Isso Amor?\u201d<\/em><\/strong> em 04\/01: no cap\u00edtulo 139(*) da novela, Serkan descobre que Aydan entrou com uma a\u00e7\u00e3o judicial contra Eda e coletou documentos, uma briga come\u00e7a entre os dois. Quando as partes discutem entre si no dia do julgamento, ele expulsa o p\u00fablico. A decis\u00e3o do juiz \u00e9 que Serkan e Eda vivam na mesma casa de Kiraz. <\/p>\n<p>Serkan e Eda tentam se acostumar a viver juntos quando s\u00e3o obrigados a passar tempo juntos devido a audi\u00eancia de cust\u00f3dia e, quando Deniz decide despedir Kerem, Eda pede demiss\u00e3o. &#8230; O juiz que cuidou do caso de cust\u00f3dia de Kiraz decidiu que os pais deveriam morar juntos na mesma casa por 2 dias. Serkan passa a ficar na casa de Eda. Ao mesmo tempo, com o conselho da mulher, falar\u00e3o a verdade durante estes 2 dias. Quando quer que os pais fiquem no mesmo quarto, Serkan tenta transformar o desejo da filha em uma oportunidade, mas Eda faz o poss\u00edvel para n\u00e3o dormir na mesma cama que o ex-namorado. <\/p>\n<p>Eda e Serkan fazem uma aposta. Se Eda descobrir a mentira de Serkan dentro desses 2 dias, o homem sair\u00e1 de casa imediatamente. Caso contr\u00e1rio, Serkan ficar\u00e1 em casa por mais 2 semanas. Seguindo essa afirma\u00e7\u00e3o, um jogo de captura de mentiras come\u00e7a entre os dois. Ao flagrar uma mentira inocente contada por Eda, que conversa com Melo, ele ganha o direito de ficar 2 semanas em casa.<\/p>\n<p>(*) edi\u00e7\u00e3o das novelas da TNT\/HBO, \u201cSer\u00e1 Isso Amor?\u201d, sujeito a altera\u00e7\u00e3o de data e conte\u00fado.<\/p>\n<p>Sinopse &#8220;Ser\u00e1 Isso Amor?&#8221;: (Primeira Temporada) Eda n\u00e3o consegue concluir sua gradua\u00e7\u00e3o na faculdade de arquitetura paisag\u00edstica por causa de Serkan Bolat. Serkan tem uma ex-namorada, Selin, que ficou noiva recentemente ap\u00f3s o rompimento. Para recuper\u00e1-la, Serkan oferece a Eda um contrato segundo o qual ela deve fingir ser sua noiva por dois meses. Ela aceita a oferta e n\u00e3o demora para surgir algo entre eles. <\/p>\n<p>(Segunda Temporada) Serkan e Eda passam por momentos dif\u00edceis durante o tratamento de c\u00e2ncer dele, que fica obcecado com sua doen\u00e7a e que vira um homem completamente diferente ap\u00f3s sobreviver. Serkan volta a se concentrar apenas em seu trabalho, que aos poucos o afasta de Eda. Mais tarde, ela vai para a It\u00e1lia para concluir seus estudos, enquanto Serkan continua com sua vida. Mas quando eles finalmente se reencontram ap\u00f3s 5 longos anos, a vida tem uma surpresa para ambos.<\/p>\n","protected":false},"excerpt":{"rendered":"<p>Resumo da novela \u201cSer\u00e1 Isso Amor?\u201d em 04\/01: no cap\u00edtulo 139(*) da novela, Serkan descobre que Aydan entrou com uma a\u00e7\u00e3o judicial contra Eda e coletou documentos, uma briga come\u00e7a entre os dois. Quando as partes discutem entre si no dia do julgamento, ele expulsa o p\u00fablico. A decis\u00e3o do juiz \u00e9 que Serkan e [&hellip;]<\/p>\n","protected":false},"author":2,"featured_media":235990,"comment_status":"closed","ping_status":"closed","sticky":false,"template":"","format":"standard","meta":{"tdm_status":"","tdm_grid_status":"","footnotes":""},"categories":[379,2025,2316,343,2315],"tags":[441],"class_list":{"0":"post-241009","1":"post","2":"type-post","3":"status-publish","4":"format-standard","5":"has-post-thumbnail","7":"category-novelas","8":"category-resumo","9":"category-sera-isso-amor","10":"category-televisao","11":"category-tnt","12":"tag-resumo-do-dia"},"_links":{"self":[{"href":"https:\/\/migracao.redenoticia.com.br\/noticia\/wp-json\/wp\/v2\/posts\/241009","targetHints":{"allow":["GET"]}}],"collection":[{"href":"https:\/\/migracao.redenoticia.com.br\/noticia\/wp-json\/wp\/v2\/posts"}],"about":[{"href":"https:\/\/migracao.redenoticia.com.br\/noticia\/wp-json\/wp\/v2\/types\/post"}],"author":[{"embeddable":true,"href":"https:\/\/migracao.redenoticia.com.br\/noticia\/wp-json\/wp\/v2\/users\/2"}],"replies":[{"embeddable":true,"href":"https:\/\/migracao.redenoticia.com.br\/noticia\/wp-json\/wp\/v2\/comments?post=241009"}],"version-history":[{"count":0,"href":"https:\/\/migracao.redenoticia.com.br\/noticia\/wp-json\/wp\/v2\/posts\/241009\/revisions"}],"wp:featuredmedia":[{"embeddable":true,"href":"https:\/\/migracao.redenoticia.com.br\/noticia\/wp-json\/wp\/v2\/media\/235990"}],"wp:attachment":[{"href":"https:\/\/migracao.redenoticia.com.br\/noticia\/wp-json\/wp\/v2\/media?parent=241009"}],"wp:term":[{"taxonomy":"category","embeddable":true,"href":"https:\/\/migracao.redenoticia.com.br\/noticia\/wp-json\/wp\/v2\/categories?post=241009"},{"taxonomy":"post_tag","embeddable":true,"href":"https:\/\/migracao.redenoticia.com.br\/noticia\/wp-json\/wp\/v2\/tags?post=241009"}],"curies":[{"name":"wp","href":"https:\/\/api.w.org\/{rel}","templated":true}]}}