{"id":241040,"date":"2024-01-04T14:42:35","date_gmt":"2024-01-04T17:42:35","guid":{"rendered":"https:\/\/www.redenoticia.com.br\/noticia\/?p=241040"},"modified":"2024-01-04T14:42:35","modified_gmt":"2024-01-04T17:42:35","slug":"resumo-sera-isso-amor-05-01-burak-nao-se-lembra-do-beijo-e-magoa-melek","status":"publish","type":"post","link":"https:\/\/migracao.redenoticia.com.br\/noticia\/2024\/resumo-sera-isso-amor-05-01-burak-nao-se-lembra-do-beijo-e-magoa-melek\/241040","title":{"rendered":"Resumo \u201cSer\u00e1 Isso Amor?\u201d 05\/01: Burak n\u00e3o se lembra do beijo e magoa Melek"},"content":{"rendered":"<p> <img loading=\"lazy\" decoding=\"async\" class=\"aligncenter size-full wp-image-235988\" src=\"https:\/\/migracao.redenoticia.com.br\/noticia\/imagens\/novela-sera-isso-amor-tnt-resumo-elenco.jpg\" alt=\"\" width=\"1280\" height=\"720\" srcset=\"https:\/\/migracao.redenoticia.com.br\/noticia\/imagens\/novela-sera-isso-amor-tnt-resumo-elenco.jpg 1280w, https:\/\/migracao.redenoticia.com.br\/noticia\/imagens\/novela-sera-isso-amor-tnt-resumo-elenco-250x140.jpg 250w, https:\/\/migracao.redenoticia.com.br\/noticia\/imagens\/novela-sera-isso-amor-tnt-resumo-elenco-400x225.jpg 400w, https:\/\/migracao.redenoticia.com.br\/noticia\/imagens\/novela-sera-isso-amor-tnt-resumo-elenco-768x432.jpg 768w, https:\/\/migracao.redenoticia.com.br\/noticia\/imagens\/novela-sera-isso-amor-tnt-resumo-elenco-150x84.jpg 150w\" sizes=\"auto, (max-width: 1280px) 100vw, 1280px\" \/><\/p>\n<p><strong><em>Resumo da novela \u201cSer\u00e1 Isso Amor?\u201d<\/em><\/strong> em 05\/01: no cap\u00edtulo 140(*) da novela, ao flagrar uma mentira inocente contada por Eda, que conversa com Melo, ele ganha o direito de ficar 2 semanas em casa. <\/p>\n<p>Enquanto Engin e Piril come\u00e7am a desconfiar de suas fidelidades, Kerem tenta se acostumar com a empresa. Burak conta para Melek que n\u00e3o lembra nada do que aconteceu naquela noite. &#8230; Burak, que sente falta de Kiraz e Eda, fala coisas gostosas para Melo, que certa noite vai at\u00e9 ele na praia enquanto ele estava b\u00eabado, o beija, mas depois desmaia. No dia seguinte, sem se lembrar de nada, Melo fica esperan\u00e7osa e pede para tia Ayfer n\u00e3o trabalhar naquele caf\u00e9. Vendo que a garota est\u00e1 chateada, Ayfer concorda e elas decidem ir para outra filial. Enquanto Burak se surpreende com a informa\u00e7\u00e3o, Eda se surpreende ao saber o motivo por Melo, mas apoia a amiga em sua dor amorosa.<\/p>\n<p>Melek conversa com Burak sobre sua decis\u00e3o de reformar o caf\u00e9 e Engin pede que Serkan o ajude com o segredo que ele esconde de Piril. &#8230; Engin come\u00e7a a agitar as coisas. Piril constantemente percebe as mentiras do marido. Depois, Engin confessa a Serkan que come\u00e7ou um neg\u00f3cio de gatos com uma das m\u00e3es ao seu redor. Piril, por outro lado, pensa que Engin a est\u00e1 traindo. Ela compartilha isso com Eda.<\/p>\n<p>(*) edi\u00e7\u00e3o das novelas da TNT\/HBO, \u201cSer\u00e1 Isso Amor?\u201d, sujeito a altera\u00e7\u00e3o de data e conte\u00fado.<\/p>\n<p>Sinopse &#8220;Ser\u00e1 Isso Amor?&#8221;: (Primeira Temporada) Eda n\u00e3o consegue concluir sua gradua\u00e7\u00e3o na faculdade de arquitetura paisag\u00edstica por causa de Serkan Bolat. Serkan tem uma ex-namorada, Selin, que ficou noiva recentemente ap\u00f3s o rompimento. Para recuper\u00e1-la, Serkan oferece a Eda um contrato segundo o qual ela deve fingir ser sua noiva por dois meses. Ela aceita a oferta e n\u00e3o demora para surgir algo entre eles. <\/p>\n<p>(Segunda Temporada) Serkan e Eda passam por momentos dif\u00edceis durante o tratamento de c\u00e2ncer dele, que fica obcecado com sua doen\u00e7a e que vira um homem completamente diferente ap\u00f3s sobreviver. Serkan volta a se concentrar apenas em seu trabalho, que aos poucos o afasta de Eda. Mais tarde, ela vai para a It\u00e1lia para concluir seus estudos, enquanto Serkan continua com sua vida. Mas quando eles finalmente se reencontram ap\u00f3s 5 longos anos, a vida tem uma surpresa para ambos.<\/p>\n","protected":false},"excerpt":{"rendered":"<p>Resumo da novela \u201cSer\u00e1 Isso Amor?\u201d em 05\/01: no cap\u00edtulo 140(*) da novela, ao flagrar uma mentira inocente contada por Eda, que conversa com Melo, ele ganha o direito de ficar 2 semanas em casa. Enquanto Engin e Piril come\u00e7am a desconfiar de suas fidelidades, Kerem tenta se acostumar com a empresa. Burak conta para [&hellip;]<\/p>\n","protected":false},"author":3,"featured_media":235990,"comment_status":"closed","ping_status":"closed","sticky":false,"template":"","format":"standard","meta":{"tdm_status":"","tdm_grid_status":"","footnotes":""},"categories":[379,2025,2316,343,2315],"tags":[441],"class_list":{"0":"post-241040","1":"post","2":"type-post","3":"status-publish","4":"format-standard","5":"has-post-thumbnail","7":"category-novelas","8":"category-resumo","9":"category-sera-isso-amor","10":"category-televisao","11":"category-tnt","12":"tag-resumo-do-dia"},"_links":{"self":[{"href":"https:\/\/migracao.redenoticia.com.br\/noticia\/wp-json\/wp\/v2\/posts\/241040","targetHints":{"allow":["GET"]}}],"collection":[{"href":"https:\/\/migracao.redenoticia.com.br\/noticia\/wp-json\/wp\/v2\/posts"}],"about":[{"href":"https:\/\/migracao.redenoticia.com.br\/noticia\/wp-json\/wp\/v2\/types\/post"}],"author":[{"embeddable":true,"href":"https:\/\/migracao.redenoticia.com.br\/noticia\/wp-json\/wp\/v2\/users\/3"}],"replies":[{"embeddable":true,"href":"https:\/\/migracao.redenoticia.com.br\/noticia\/wp-json\/wp\/v2\/comments?post=241040"}],"version-history":[{"count":0,"href":"https:\/\/migracao.redenoticia.com.br\/noticia\/wp-json\/wp\/v2\/posts\/241040\/revisions"}],"wp:featuredmedia":[{"embeddable":true,"href":"https:\/\/migracao.redenoticia.com.br\/noticia\/wp-json\/wp\/v2\/media\/235990"}],"wp:attachment":[{"href":"https:\/\/migracao.redenoticia.com.br\/noticia\/wp-json\/wp\/v2\/media?parent=241040"}],"wp:term":[{"taxonomy":"category","embeddable":true,"href":"https:\/\/migracao.redenoticia.com.br\/noticia\/wp-json\/wp\/v2\/categories?post=241040"},{"taxonomy":"post_tag","embeddable":true,"href":"https:\/\/migracao.redenoticia.com.br\/noticia\/wp-json\/wp\/v2\/tags?post=241040"}],"curies":[{"name":"wp","href":"https:\/\/api.w.org\/{rel}","templated":true}]}}