{"id":2411,"date":"2009-06-05T13:53:13","date_gmt":"2009-06-05T17:53:13","guid":{"rendered":"http:\/\/www.redenoticia.com.br\/noticia\/?p=2411"},"modified":"2009-06-05T13:53:13","modified_gmt":"2009-06-05T17:53:13","slug":"trabalho-aprova-proibicao-de-incluir-devedor-de-agua-e-luz-no-spc","status":"publish","type":"post","link":"https:\/\/migracao.redenoticia.com.br\/noticia\/2009\/trabalho-aprova-proibicao-de-incluir-devedor-de-agua-e-luz-no-spc\/2411","title":{"rendered":"Trabalho aprova proibi\u00e7\u00e3o de incluir devedor de \u00e1gua e luz no SPC"},"content":{"rendered":"<p><em><span style=\"font-size: 11pt; font-family: Arial; color: windowtext;\">Proibi\u00e7\u00e3o tamb\u00e9m vale para quem deixar de pagar contas de g\u00e1s, telefone e outros servi\u00e7os p\u00fablicos.<\/span><\/em><span style=\"font-size: 11pt; font-family: Arial; color: windowtext;\"><\/p>\n<p>A Comiss\u00e3o de Trabalho, de Administra\u00e7\u00e3o e Servi\u00e7o P\u00fablico aprovou o Projeto de Lei <a href=\"http:\/\/www2.camara.gov.br\/homeagencia\/materias.html?pk=124131\"><strong><span style=\"color: windowtext;\">2986\/08<\/span><\/strong><\/a>, do deputado Vinicius Carvalho (PTdoB-RJ), que pro\u00edbe a inclus\u00e3o de consumidores que deixarem de pagar contas de \u00e1gua, g\u00e1s, telefone, energia el\u00e9trica e outros servi\u00e7os p\u00fablicos em cadastros de restri\u00e7\u00e3o ao cr\u00e9dito, como SPC e Serasa. Vinicius Carvalho afirma que os consumidores j\u00e1 s\u00e3o punidos quando deixam de pagar as contas porque a presta\u00e7\u00e3o dos servi\u00e7os \u00e9 interrompida.<\/p>\n<p>O relator, deputado S\u00e9rgio Moraes (PTB-RS), concordou com os argumentos de Carvalho e recomendou a aprova\u00e7\u00e3o do projeto. &#8220;Al\u00e9m de n\u00e3o ter o servi\u00e7o, ter o pouco cr\u00e9dito cortado \u00e9 uma atitude punitiva que n\u00e3o contribuir\u00e1 para a manuten\u00e7\u00e3o da dignidade da parcela mais sofrida da popula\u00e7\u00e3o, que s\u00e3o os trabalhadores assalariados&#8221;, disse Moraes.<\/p>\n<p>Segundo o projeto, as empresas que descumprirem a regra estar\u00e3o sujeitas a san\u00e7\u00f5es previstas no C\u00f3digo de Defesa do Consumidor (Lei 8.078\/90), como multa, cassa\u00e7\u00e3o do registro de funcionamento e perda da concess\u00e3o de presta\u00e7\u00e3o de servi\u00e7os.<\/p>\n<p><strong>Tramita\u00e7\u00e3o<\/strong><br \/>\nO projeto tramita em <a href=\"http:\/\/www2.camara.gov.br\/homeagencia\/materias.html?pk=109932\"><strong><span style=\"color: windowtext;\">car\u00e1ter conclusivo<\/span><\/strong><\/a> e ainda ser\u00e1 analisado pelas comiss\u00f5es de Defesa do Consumidor; e de Constitui\u00e7\u00e3o e Justi\u00e7a e de Cidadania.<\/p>\n<p><span> <\/span><br \/>\nAg\u00eancia C\u00e2mara<\/span><\/p>\n","protected":false},"excerpt":{"rendered":"<p>Proibi\u00e7\u00e3o tamb\u00e9m vale para quem deixar de pagar contas de g\u00e1s, telefone e outros servi\u00e7os p\u00fablicos. A Comiss\u00e3o de Trabalho, de Administra\u00e7\u00e3o e Servi\u00e7o P\u00fablico aprovou o Projeto de Lei 2986\/08, do deputado Vinicius Carvalho (PTdoB-RJ), que pro\u00edbe a inclus\u00e3o de consumidores que deixarem de pagar contas de \u00e1gua, g\u00e1s, telefone, energia el\u00e9trica e outros [&hellip;]<\/p>\n","protected":false},"author":3,"featured_media":0,"comment_status":"open","ping_status":"open","sticky":false,"template":"","format":"standard","meta":{"tdm_status":"","tdm_grid_status":"","footnotes":""},"categories":[22,7],"tags":[],"class_list":{"0":"post-2411","1":"post","2":"type-post","3":"status-publish","4":"format-standard","6":"category-brasil","7":"category-economia"},"_links":{"self":[{"href":"https:\/\/migracao.redenoticia.com.br\/noticia\/wp-json\/wp\/v2\/posts\/2411","targetHints":{"allow":["GET"]}}],"collection":[{"href":"https:\/\/migracao.redenoticia.com.br\/noticia\/wp-json\/wp\/v2\/posts"}],"about":[{"href":"https:\/\/migracao.redenoticia.com.br\/noticia\/wp-json\/wp\/v2\/types\/post"}],"author":[{"embeddable":true,"href":"https:\/\/migracao.redenoticia.com.br\/noticia\/wp-json\/wp\/v2\/users\/3"}],"replies":[{"embeddable":true,"href":"https:\/\/migracao.redenoticia.com.br\/noticia\/wp-json\/wp\/v2\/comments?post=2411"}],"version-history":[{"count":0,"href":"https:\/\/migracao.redenoticia.com.br\/noticia\/wp-json\/wp\/v2\/posts\/2411\/revisions"}],"wp:attachment":[{"href":"https:\/\/migracao.redenoticia.com.br\/noticia\/wp-json\/wp\/v2\/media?parent=2411"}],"wp:term":[{"taxonomy":"category","embeddable":true,"href":"https:\/\/migracao.redenoticia.com.br\/noticia\/wp-json\/wp\/v2\/categories?post=2411"},{"taxonomy":"post_tag","embeddable":true,"href":"https:\/\/migracao.redenoticia.com.br\/noticia\/wp-json\/wp\/v2\/tags?post=2411"}],"curies":[{"name":"wp","href":"https:\/\/api.w.org\/{rel}","templated":true}]}}