{"id":241129,"date":"2024-01-07T15:17:24","date_gmt":"2024-01-07T18:17:24","guid":{"rendered":"https:\/\/www.redenoticia.com.br\/noticia\/?p=241129"},"modified":"2024-01-07T15:17:24","modified_gmt":"2024-01-07T18:17:24","slug":"resumo-elas-por-elas-08-01-helena-e-fagundes-provocam-um-incendio","status":"publish","type":"post","link":"https:\/\/migracao.redenoticia.com.br\/noticia\/2024\/resumo-elas-por-elas-08-01-helena-e-fagundes-provocam-um-incendio\/241129","title":{"rendered":"Resumo &#8220;Elas por Elas&#8221; 08\/01: Helena e Fagundes provocam um inc\u00eandio"},"content":{"rendered":"<p> <img loading=\"lazy\" decoding=\"async\" src=\"https:\/\/migracao.redenoticia.com.br\/noticia\/imagens\/elas-por-elas-resumo-elenco-globo.jpg\" alt=\"\" width=\"1280\" height=\"720\" class=\"aligncenter size-full wp-image-237222\" srcset=\"https:\/\/migracao.redenoticia.com.br\/noticia\/imagens\/elas-por-elas-resumo-elenco-globo.jpg 1280w, https:\/\/migracao.redenoticia.com.br\/noticia\/imagens\/elas-por-elas-resumo-elenco-globo-250x140.jpg 250w, https:\/\/migracao.redenoticia.com.br\/noticia\/imagens\/elas-por-elas-resumo-elenco-globo-400x225.jpg 400w, https:\/\/migracao.redenoticia.com.br\/noticia\/imagens\/elas-por-elas-resumo-elenco-globo-768x432.jpg 768w, https:\/\/migracao.redenoticia.com.br\/noticia\/imagens\/elas-por-elas-resumo-elenco-globo-150x84.jpg 150w\" sizes=\"auto, (max-width: 1280px) 100vw, 1280px\" \/><\/p>\n<p><strong><em>Resumo da novela &#8220;Elas por Elas&#8221;<\/em><\/strong> em 08\/01: no cap\u00edtulo 090(*) da novela, \u00cdsis se desespera. S\u00e9rgio desconfia da participa\u00e7\u00e3o de Helena na produ\u00e7\u00e3o do falso v\u00eddeo. Vic falta a uma aula para ir \u00e0 casa de Ren\u00e9e, e M\u00e1rcia vai atr\u00e1s da filha. Lara e Yeda conversam sobre Edu. Giovanni pede que Cris ajude \u00cdsis e o abrigo de animais. Jairinho amea\u00e7a Marcos. <\/p>\n<p>S\u00e9rgio e Jonas apoiam \u00cdsis. Helena se irrita com a postagem que Cris foi obrigada a fazer para ajudar o abrigo. \u00c9rica e Yeda desmascaram Edu. M\u00e1rio pensa em como se declarar para Lara. Helena e Fagundes provocam um inc\u00eandio no abrigo de animais.<\/p>\n<p>(*) edi\u00e7\u00e3o das novelas da Globo, &#8220;Elas por Elas&#8221;, sujeito a altera\u00e7\u00e3o de data e conte\u00fado.<\/p>\n<p>Sinopse \u201cElas por Elas\u201d: A trama \u00e9 centrada na hist\u00f3ria de sete amigas dos tempos de col\u00e9gio que n\u00e3o se veem h\u00e1 vinte anos. A mais velha do grupo encontra uma foto das amigas e uma onda de lembran\u00e7as e saudosismo invade sua cabe\u00e7a. Com vontade de reencontr\u00e1-las, ela decide localizar uma por uma e promove uma reuni\u00e3o em sua casa. Todas comparecem ao evento, felizes com o reencontro. No entanto, as lembran\u00e7as do passado e coincid\u00eancias do presente v\u00eam \u00e0 tona, afetando novamente a vida de todas do grupo.<\/p>\n","protected":false},"excerpt":{"rendered":"<p>Resumo da novela &#8220;Elas por Elas&#8221; em 08\/01: no cap\u00edtulo 090(*) da novela, \u00cdsis se desespera. S\u00e9rgio desconfia da participa\u00e7\u00e3o de Helena na produ\u00e7\u00e3o do falso v\u00eddeo. Vic falta a uma aula para ir \u00e0 casa de Ren\u00e9e, e M\u00e1rcia vai atr\u00e1s da filha. Lara e Yeda conversam sobre Edu. Giovanni pede que Cris ajude [&hellip;]<\/p>\n","protected":false},"author":4,"featured_media":237224,"comment_status":"closed","ping_status":"closed","sticky":false,"template":"","format":"standard","meta":{"tdm_status":"","tdm_grid_status":"","footnotes":""},"categories":[2318,379,375,2025,343],"tags":[441],"class_list":{"0":"post-241129","1":"post","2":"type-post","3":"status-publish","4":"format-standard","5":"has-post-thumbnail","7":"category-elas-por-elas","8":"category-novelas","9":"category-rede-globo","10":"category-resumo","11":"category-televisao","12":"tag-resumo-do-dia"},"_links":{"self":[{"href":"https:\/\/migracao.redenoticia.com.br\/noticia\/wp-json\/wp\/v2\/posts\/241129","targetHints":{"allow":["GET"]}}],"collection":[{"href":"https:\/\/migracao.redenoticia.com.br\/noticia\/wp-json\/wp\/v2\/posts"}],"about":[{"href":"https:\/\/migracao.redenoticia.com.br\/noticia\/wp-json\/wp\/v2\/types\/post"}],"author":[{"embeddable":true,"href":"https:\/\/migracao.redenoticia.com.br\/noticia\/wp-json\/wp\/v2\/users\/4"}],"replies":[{"embeddable":true,"href":"https:\/\/migracao.redenoticia.com.br\/noticia\/wp-json\/wp\/v2\/comments?post=241129"}],"version-history":[{"count":0,"href":"https:\/\/migracao.redenoticia.com.br\/noticia\/wp-json\/wp\/v2\/posts\/241129\/revisions"}],"wp:featuredmedia":[{"embeddable":true,"href":"https:\/\/migracao.redenoticia.com.br\/noticia\/wp-json\/wp\/v2\/media\/237224"}],"wp:attachment":[{"href":"https:\/\/migracao.redenoticia.com.br\/noticia\/wp-json\/wp\/v2\/media?parent=241129"}],"wp:term":[{"taxonomy":"category","embeddable":true,"href":"https:\/\/migracao.redenoticia.com.br\/noticia\/wp-json\/wp\/v2\/categories?post=241129"},{"taxonomy":"post_tag","embeddable":true,"href":"https:\/\/migracao.redenoticia.com.br\/noticia\/wp-json\/wp\/v2\/tags?post=241129"}],"curies":[{"name":"wp","href":"https:\/\/api.w.org\/{rel}","templated":true}]}}