{"id":241144,"date":"2024-01-08T13:59:47","date_gmt":"2024-01-08T16:59:47","guid":{"rendered":"https:\/\/www.redenoticia.com.br\/noticia\/?p=241144"},"modified":"2024-01-08T13:59:47","modified_gmt":"2024-01-08T16:59:47","slug":"resumo-iludida-09-01-volkan-vai-ate-a-policia-para-procurar-ali-e-asya","status":"publish","type":"post","link":"https:\/\/migracao.redenoticia.com.br\/noticia\/2024\/resumo-iludida-09-01-volkan-vai-ate-a-policia-para-procurar-ali-e-asya\/241144","title":{"rendered":"Resumo \u201cIludida\u201d 09\/01: Volkan vai at\u00e9 a pol\u00edcia para procurar Ali e Asya"},"content":{"rendered":"<p> <img loading=\"lazy\" decoding=\"async\" class=\"aligncenter size-full wp-image-235992\" src=\"https:\/\/migracao.redenoticia.com.br\/noticia\/imagens\/novela-iludida-logo-resumo-canal-tnt.jpg\" alt=\"\" width=\"1280\" height=\"720\" srcset=\"https:\/\/migracao.redenoticia.com.br\/noticia\/imagens\/novela-iludida-logo-resumo-canal-tnt.jpg 1280w, https:\/\/migracao.redenoticia.com.br\/noticia\/imagens\/novela-iludida-logo-resumo-canal-tnt-250x140.jpg 250w, https:\/\/migracao.redenoticia.com.br\/noticia\/imagens\/novela-iludida-logo-resumo-canal-tnt-400x225.jpg 400w, https:\/\/migracao.redenoticia.com.br\/noticia\/imagens\/novela-iludida-logo-resumo-canal-tnt-768x432.jpg 768w, https:\/\/migracao.redenoticia.com.br\/noticia\/imagens\/novela-iludida-logo-resumo-canal-tnt-150x84.jpg 150w\" sizes=\"auto, (max-width: 1280px) 100vw, 1280px\" \/><\/p>\n<p><strong><em>Resumo da novela \u201cIludida\u201d<\/em><\/strong> em 09\/01: no cap\u00edtulo 143(*) da novela, G\u00f6nul pede a ajuda de um amigo chamado Necmi para investigar os movimentos financeiros de Volkan. Assim, ela descobre que colocou a mans\u00e3o que sua filha comprou em nome de Ali. Sem pensar duas vezes, ela conta a Derin e ela, desconfiando que Asya est\u00e1 por tr\u00e1s de tudo, vai procur\u00e1-lo: &#8220;Acabou esse maldito teatro.&#8221;<\/p>\n<p>Volkan vai at\u00e9 a pol\u00edcia para procurar Ali e Asya enquanto todos pensam que Derin pode t\u00ea-los matado. Asya tem provas das amea\u00e7as de Derin, ent\u00e3o decide confront\u00e1-la no tribunal. &#8230; Derin, dirigindo freneticamente, intercepta Asya e Ali, que estavam chegando em sua casa. Ela ent\u00e3o os for\u00e7a a sair do carro. Algum tempo depois, Volkan retorna ao que era seu antigo lar e se assusta ao n\u00e3o ver a ex-mulher e o filho. Ele liga o telefone e l\u00ea uma mensagem de Asya que diz: &#8220;Derin sabe de tudo e est\u00e1 vindo atr\u00e1s de n\u00f3s.&#8221; Volkan d\u00e1 a voz de alamar quando ele n\u00e3o ouviu falar de Asya, nem de Ali. Depois de falar com G\u00f6nul e deixar claro que acha que Derin est\u00e1 por tr\u00e1s do misterioso desaparecimento, ele vai \u00e0 pol\u00edcia prestar queixa. <\/p>\n<p>No entanto, os agentes dizem a ele que \u00e9 muito cedo: &#8220;Voc\u00ea tem que esperar pelo menos 24 horas.&#8221; Por sua vez, Derin se defende e garante que n\u00e3o teve nada a ver com o que aconteceu com Asya e Ali. Ela at\u00e9 confessa \u00e0 m\u00e3e que passou a tarde toda com Onur: &#8220;Eu preciso conversar com algu\u00e9m e eu o escolhi&#8221;.<\/p>\n<p>(*) edi\u00e7\u00e3o das novelas da TNT\/HBO, \u201cIludida\u201d, sujeito a altera\u00e7\u00e3o de data e conte\u00fado.<\/p>\n<p>Sinopse &#8220;Iludida&#8221;: Com apenas 37 anos, Asya \u00e9 vice-diretora e m\u00e9dica em um hospital da cidade de Tekirdag. Al\u00e9m de ter uma carreira profissional de sucesso, leva uma vida tranquila com o seu marido Volkan e seu filho Ali. Ela parece ter tudo: um trabalho perfeito, uma casa linda e uma fam\u00edlia feliz. Asya se sente a mulher mais sortuda do mundo, o que mais ela poderia pedir? Tudo na sua vida parecia ser cor-de-rosa, at\u00e9 que ela descobre um cabelo loiro no cachecol do seu marido, o que a transforma em uma pessoa obsessiva e incapaz de confiar nas pessoas ao seu redor. Por\u00e9m, ela n\u00e3o se engana em desconfiar deles: aos poucos, Asya descobre uma rede de mentiras que a leva a perceber que a sua vida n\u00e3o era t\u00e3o perfeita como ela pensava.<\/p>\n","protected":false},"excerpt":{"rendered":"<p>Resumo da novela \u201cIludida\u201d em 09\/01: no cap\u00edtulo 143(*) da novela, G\u00f6nul pede a ajuda de um amigo chamado Necmi para investigar os movimentos financeiros de Volkan. Assim, ela descobre que colocou a mans\u00e3o que sua filha comprou em nome de Ali. Sem pensar duas vezes, ela conta a Derin e ela, desconfiando que Asya [&hellip;]<\/p>\n","protected":false},"author":4,"featured_media":235991,"comment_status":"closed","ping_status":"closed","sticky":false,"template":"","format":"standard","meta":{"tdm_status":"","tdm_grid_status":"","footnotes":""},"categories":[2317,379,2025,343,2315],"tags":[441],"class_list":{"0":"post-241144","1":"post","2":"type-post","3":"status-publish","4":"format-standard","5":"has-post-thumbnail","7":"category-iludida","8":"category-novelas","9":"category-resumo","10":"category-televisao","11":"category-tnt","12":"tag-resumo-do-dia"},"_links":{"self":[{"href":"https:\/\/migracao.redenoticia.com.br\/noticia\/wp-json\/wp\/v2\/posts\/241144","targetHints":{"allow":["GET"]}}],"collection":[{"href":"https:\/\/migracao.redenoticia.com.br\/noticia\/wp-json\/wp\/v2\/posts"}],"about":[{"href":"https:\/\/migracao.redenoticia.com.br\/noticia\/wp-json\/wp\/v2\/types\/post"}],"author":[{"embeddable":true,"href":"https:\/\/migracao.redenoticia.com.br\/noticia\/wp-json\/wp\/v2\/users\/4"}],"replies":[{"embeddable":true,"href":"https:\/\/migracao.redenoticia.com.br\/noticia\/wp-json\/wp\/v2\/comments?post=241144"}],"version-history":[{"count":0,"href":"https:\/\/migracao.redenoticia.com.br\/noticia\/wp-json\/wp\/v2\/posts\/241144\/revisions"}],"wp:featuredmedia":[{"embeddable":true,"href":"https:\/\/migracao.redenoticia.com.br\/noticia\/wp-json\/wp\/v2\/media\/235991"}],"wp:attachment":[{"href":"https:\/\/migracao.redenoticia.com.br\/noticia\/wp-json\/wp\/v2\/media?parent=241144"}],"wp:term":[{"taxonomy":"category","embeddable":true,"href":"https:\/\/migracao.redenoticia.com.br\/noticia\/wp-json\/wp\/v2\/categories?post=241144"},{"taxonomy":"post_tag","embeddable":true,"href":"https:\/\/migracao.redenoticia.com.br\/noticia\/wp-json\/wp\/v2\/tags?post=241144"}],"curies":[{"name":"wp","href":"https:\/\/api.w.org\/{rel}","templated":true}]}}