{"id":241156,"date":"2024-01-08T14:20:09","date_gmt":"2024-01-08T17:20:09","guid":{"rendered":"https:\/\/www.redenoticia.com.br\/noticia\/?p=241156"},"modified":"2024-01-08T14:20:09","modified_gmt":"2024-01-08T17:20:09","slug":"resumo-elas-por-elas-09-01-isis-e-giovanni-tentam-resgatar-carlinhos","status":"publish","type":"post","link":"https:\/\/migracao.redenoticia.com.br\/noticia\/2024\/resumo-elas-por-elas-09-01-isis-e-giovanni-tentam-resgatar-carlinhos\/241156","title":{"rendered":"Resumo &#8220;Elas por Elas&#8221; 09\/01: \u00cdsis e Giovanni tentam resgatar Carlinhos"},"content":{"rendered":"<p> <img loading=\"lazy\" decoding=\"async\" src=\"https:\/\/migracao.redenoticia.com.br\/noticia\/imagens\/elas-por-elas-resumo-elenco-globo.jpg\" alt=\"\" width=\"1280\" height=\"720\" class=\"aligncenter size-full wp-image-237222\" srcset=\"https:\/\/migracao.redenoticia.com.br\/noticia\/imagens\/elas-por-elas-resumo-elenco-globo.jpg 1280w, https:\/\/migracao.redenoticia.com.br\/noticia\/imagens\/elas-por-elas-resumo-elenco-globo-250x140.jpg 250w, https:\/\/migracao.redenoticia.com.br\/noticia\/imagens\/elas-por-elas-resumo-elenco-globo-400x225.jpg 400w, https:\/\/migracao.redenoticia.com.br\/noticia\/imagens\/elas-por-elas-resumo-elenco-globo-768x432.jpg 768w, https:\/\/migracao.redenoticia.com.br\/noticia\/imagens\/elas-por-elas-resumo-elenco-globo-150x84.jpg 150w\" sizes=\"auto, (max-width: 1280px) 100vw, 1280px\" \/><\/p>\n<p><strong><em>Resumo da novela &#8220;Elas por Elas&#8221;<\/em><\/strong> em 09\/01: no cap\u00edtulo 091(*) da novela, Helena e Fagundes provocam um inc\u00eandio no abrigo de animais. Carlinhos passa mal com a fuma\u00e7a e alerta \u00cdsis, que corre para o abrigo com Giovanni, Adriana, Jonas e Marlene. \u00cdsis e Giovanni tentam resgatar Carlinhos, mas acabam presos no inc\u00eandio. S\u00e9rgio questiona se Helena \u00e9 a respons\u00e1vel pelo ocorrido. <\/p>\n<p>Carlinhos, \u00cdsis, Giovanni e os c\u00e3es s\u00e3o atendidos. Cris e Adriana desconfiam de Helena. Lara se oferece para ajudar \u00cdsis e Adriana. M\u00e1rio encontra uma prova de que o inc\u00eandio foi criminoso, e S\u00e9rgio reconhece o canivete de Fagundes. Carol apoia Carlinhos. S\u00e9rgio confronta Helena e Fagundes. \u00cdsis exige que Giovanni escolha entre ela ou Helena.<\/p>\n<p>(*) edi\u00e7\u00e3o das novelas da Globo, &#8220;Elas por Elas&#8221;, sujeito a altera\u00e7\u00e3o de data e conte\u00fado.<\/p>\n<p>Sinopse \u201cElas por Elas\u201d: A trama \u00e9 centrada na hist\u00f3ria de sete amigas dos tempos de col\u00e9gio que n\u00e3o se veem h\u00e1 vinte anos. A mais velha do grupo encontra uma foto das amigas e uma onda de lembran\u00e7as e saudosismo invade sua cabe\u00e7a. Com vontade de reencontr\u00e1-las, ela decide localizar uma por uma e promove uma reuni\u00e3o em sua casa. Todas comparecem ao evento, felizes com o reencontro. No entanto, as lembran\u00e7as do passado e coincid\u00eancias do presente v\u00eam \u00e0 tona, afetando novamente a vida de todas do grupo.<\/p>\n","protected":false},"excerpt":{"rendered":"<p>Resumo da novela &#8220;Elas por Elas&#8221; em 09\/01: no cap\u00edtulo 091(*) da novela, Helena e Fagundes provocam um inc\u00eandio no abrigo de animais. Carlinhos passa mal com a fuma\u00e7a e alerta \u00cdsis, que corre para o abrigo com Giovanni, Adriana, Jonas e Marlene. \u00cdsis e Giovanni tentam resgatar Carlinhos, mas acabam presos no inc\u00eandio. S\u00e9rgio [&hellip;]<\/p>\n","protected":false},"author":4,"featured_media":237224,"comment_status":"closed","ping_status":"closed","sticky":false,"template":"","format":"standard","meta":{"tdm_status":"","tdm_grid_status":"","footnotes":""},"categories":[2318,379,375,2025,343],"tags":[441],"class_list":{"0":"post-241156","1":"post","2":"type-post","3":"status-publish","4":"format-standard","5":"has-post-thumbnail","7":"category-elas-por-elas","8":"category-novelas","9":"category-rede-globo","10":"category-resumo","11":"category-televisao","12":"tag-resumo-do-dia"},"_links":{"self":[{"href":"https:\/\/migracao.redenoticia.com.br\/noticia\/wp-json\/wp\/v2\/posts\/241156","targetHints":{"allow":["GET"]}}],"collection":[{"href":"https:\/\/migracao.redenoticia.com.br\/noticia\/wp-json\/wp\/v2\/posts"}],"about":[{"href":"https:\/\/migracao.redenoticia.com.br\/noticia\/wp-json\/wp\/v2\/types\/post"}],"author":[{"embeddable":true,"href":"https:\/\/migracao.redenoticia.com.br\/noticia\/wp-json\/wp\/v2\/users\/4"}],"replies":[{"embeddable":true,"href":"https:\/\/migracao.redenoticia.com.br\/noticia\/wp-json\/wp\/v2\/comments?post=241156"}],"version-history":[{"count":0,"href":"https:\/\/migracao.redenoticia.com.br\/noticia\/wp-json\/wp\/v2\/posts\/241156\/revisions"}],"wp:featuredmedia":[{"embeddable":true,"href":"https:\/\/migracao.redenoticia.com.br\/noticia\/wp-json\/wp\/v2\/media\/237224"}],"wp:attachment":[{"href":"https:\/\/migracao.redenoticia.com.br\/noticia\/wp-json\/wp\/v2\/media?parent=241156"}],"wp:term":[{"taxonomy":"category","embeddable":true,"href":"https:\/\/migracao.redenoticia.com.br\/noticia\/wp-json\/wp\/v2\/categories?post=241156"},{"taxonomy":"post_tag","embeddable":true,"href":"https:\/\/migracao.redenoticia.com.br\/noticia\/wp-json\/wp\/v2\/tags?post=241156"}],"curies":[{"name":"wp","href":"https:\/\/api.w.org\/{rel}","templated":true}]}}