{"id":241232,"date":"2024-01-10T17:07:01","date_gmt":"2024-01-10T20:07:01","guid":{"rendered":"https:\/\/www.redenoticia.com.br\/noticia\/?p=241232"},"modified":"2024-01-10T17:07:01","modified_gmt":"2024-01-10T20:07:01","slug":"resumo-iludida-11-01-derin-e-presa-por-ter-esfaqueado-volkan","status":"publish","type":"post","link":"https:\/\/migracao.redenoticia.com.br\/noticia\/2024\/resumo-iludida-11-01-derin-e-presa-por-ter-esfaqueado-volkan\/241232","title":{"rendered":"Resumo \u201cIludida\u201d 11\/01: Derin \u00e9 presa por ter esfaqueado Volkan"},"content":{"rendered":"<p> <img loading=\"lazy\" decoding=\"async\" class=\"aligncenter size-full wp-image-235992\" src=\"https:\/\/migracao.redenoticia.com.br\/noticia\/imagens\/novela-iludida-logo-resumo-canal-tnt.jpg\" alt=\"\" width=\"1280\" height=\"720\" srcset=\"https:\/\/migracao.redenoticia.com.br\/noticia\/imagens\/novela-iludida-logo-resumo-canal-tnt.jpg 1280w, https:\/\/migracao.redenoticia.com.br\/noticia\/imagens\/novela-iludida-logo-resumo-canal-tnt-250x140.jpg 250w, https:\/\/migracao.redenoticia.com.br\/noticia\/imagens\/novela-iludida-logo-resumo-canal-tnt-400x225.jpg 400w, https:\/\/migracao.redenoticia.com.br\/noticia\/imagens\/novela-iludida-logo-resumo-canal-tnt-768x432.jpg 768w, https:\/\/migracao.redenoticia.com.br\/noticia\/imagens\/novela-iludida-logo-resumo-canal-tnt-150x84.jpg 150w\" sizes=\"auto, (max-width: 1280px) 100vw, 1280px\" \/><\/p>\n<p><strong><em>Resumo da novela \u201cIludida\u201d<\/em><\/strong> em 11\/01: no cap\u00edtulo 145(*) da novela, Derin, ainda determinada a salvar seu casamento por todos os meios poss\u00edveis, prepara um jantar rom\u00e2ntico para Volkan, sem saber que Volkan planeja pedir o div\u00f3rcio naquela noite e voltar para Asya o mais r\u00e1pido poss\u00edvel. No entanto, os planos d\u00e3o errado para todos.<\/p>\n<p>Asya visita Derin para contar a ela sobre os planos de Volkan. G\u00f6n\u00fcl aconselha Volkan a n\u00e3o testemunhar contra Derin, que precisar\u00e1 de um bom advogado. Derya acha que Asya foi longe demais e precisa parar. &#8230;  Asya, que n\u00e3o v\u00ea o ex-marido capaz de cumprir a palavra de separa\u00e7\u00e3o, aparece no meio da noite e confessa toda a verdade a Derin: \u201cVolkan n\u00e3o me esqueceu e quer te deixar para sempre\u201d. <\/p>\n<p>A garota perde o controle e tenta esfaquear Asya, mas \u00e9 Volkan quem recebe uma facada no peito. Derin \u00e9 presa por ter esfaqueado Volkan. Enquanto isso, este \u00faltimo passa por uma delicada opera\u00e7\u00e3o da qual sai vivo, mas muito debilitado. Ali, Derya e Asya rezam para que o arquiteto se recupere. A m\u00e9dica se sente culpada por ter se vingado at\u00e9 agora e teme que seu filho fique sem o pai por causa de seus desejos.<\/p>\n<p>(*) edi\u00e7\u00e3o das novelas da TNT\/HBO, \u201cIludida\u201d, sujeito a altera\u00e7\u00e3o de data e conte\u00fado.<\/p>\n<p>Sinopse &#8220;Iludida&#8221;: Com apenas 37 anos, Asya \u00e9 vice-diretora e m\u00e9dica em um hospital da cidade de Tekirdag. Al\u00e9m de ter uma carreira profissional de sucesso, leva uma vida tranquila com o seu marido Volkan e seu filho Ali. Ela parece ter tudo: um trabalho perfeito, uma casa linda e uma fam\u00edlia feliz. Asya se sente a mulher mais sortuda do mundo, o que mais ela poderia pedir? Tudo na sua vida parecia ser cor-de-rosa, at\u00e9 que ela descobre um cabelo loiro no cachecol do seu marido, o que a transforma em uma pessoa obsessiva e incapaz de confiar nas pessoas ao seu redor. Por\u00e9m, ela n\u00e3o se engana em desconfiar deles: aos poucos, Asya descobre uma rede de mentiras que a leva a perceber que a sua vida n\u00e3o era t\u00e3o perfeita como ela pensava.<\/p>\n","protected":false},"excerpt":{"rendered":"<p>Resumo da novela \u201cIludida\u201d em 11\/01: no cap\u00edtulo 145(*) da novela, Derin, ainda determinada a salvar seu casamento por todos os meios poss\u00edveis, prepara um jantar rom\u00e2ntico para Volkan, sem saber que Volkan planeja pedir o div\u00f3rcio naquela noite e voltar para Asya o mais r\u00e1pido poss\u00edvel. No entanto, os planos d\u00e3o errado para todos. [&hellip;]<\/p>\n","protected":false},"author":3,"featured_media":235991,"comment_status":"closed","ping_status":"closed","sticky":false,"template":"","format":"standard","meta":{"tdm_status":"","tdm_grid_status":"","footnotes":""},"categories":[2317,379,2025,343,2315],"tags":[441],"class_list":{"0":"post-241232","1":"post","2":"type-post","3":"status-publish","4":"format-standard","5":"has-post-thumbnail","7":"category-iludida","8":"category-novelas","9":"category-resumo","10":"category-televisao","11":"category-tnt","12":"tag-resumo-do-dia"},"_links":{"self":[{"href":"https:\/\/migracao.redenoticia.com.br\/noticia\/wp-json\/wp\/v2\/posts\/241232","targetHints":{"allow":["GET"]}}],"collection":[{"href":"https:\/\/migracao.redenoticia.com.br\/noticia\/wp-json\/wp\/v2\/posts"}],"about":[{"href":"https:\/\/migracao.redenoticia.com.br\/noticia\/wp-json\/wp\/v2\/types\/post"}],"author":[{"embeddable":true,"href":"https:\/\/migracao.redenoticia.com.br\/noticia\/wp-json\/wp\/v2\/users\/3"}],"replies":[{"embeddable":true,"href":"https:\/\/migracao.redenoticia.com.br\/noticia\/wp-json\/wp\/v2\/comments?post=241232"}],"version-history":[{"count":0,"href":"https:\/\/migracao.redenoticia.com.br\/noticia\/wp-json\/wp\/v2\/posts\/241232\/revisions"}],"wp:featuredmedia":[{"embeddable":true,"href":"https:\/\/migracao.redenoticia.com.br\/noticia\/wp-json\/wp\/v2\/media\/235991"}],"wp:attachment":[{"href":"https:\/\/migracao.redenoticia.com.br\/noticia\/wp-json\/wp\/v2\/media?parent=241232"}],"wp:term":[{"taxonomy":"category","embeddable":true,"href":"https:\/\/migracao.redenoticia.com.br\/noticia\/wp-json\/wp\/v2\/categories?post=241232"},{"taxonomy":"post_tag","embeddable":true,"href":"https:\/\/migracao.redenoticia.com.br\/noticia\/wp-json\/wp\/v2\/tags?post=241232"}],"curies":[{"name":"wp","href":"https:\/\/api.w.org\/{rel}","templated":true}]}}