{"id":241270,"date":"2024-01-11T19:06:00","date_gmt":"2024-01-11T22:06:00","guid":{"rendered":"https:\/\/www.redenoticia.com.br\/noticia\/?p=241270"},"modified":"2024-01-11T19:06:00","modified_gmt":"2024-01-11T22:06:00","slug":"resumo-iludida-12-01-volkan-se-recupera-da-facada-de-derin","status":"publish","type":"post","link":"https:\/\/migracao.redenoticia.com.br\/noticia\/2024\/resumo-iludida-12-01-volkan-se-recupera-da-facada-de-derin\/241270","title":{"rendered":"Resumo \u201cIludida\u201d 12\/01: Volkan se recupera da facada de Derin"},"content":{"rendered":"<p> <img loading=\"lazy\" decoding=\"async\" class=\"aligncenter size-full wp-image-235992\" src=\"https:\/\/migracao.redenoticia.com.br\/noticia\/imagens\/novela-iludida-logo-resumo-canal-tnt.jpg\" alt=\"\" width=\"1280\" height=\"720\" srcset=\"https:\/\/migracao.redenoticia.com.br\/noticia\/imagens\/novela-iludida-logo-resumo-canal-tnt.jpg 1280w, https:\/\/migracao.redenoticia.com.br\/noticia\/imagens\/novela-iludida-logo-resumo-canal-tnt-250x140.jpg 250w, https:\/\/migracao.redenoticia.com.br\/noticia\/imagens\/novela-iludida-logo-resumo-canal-tnt-400x225.jpg 400w, https:\/\/migracao.redenoticia.com.br\/noticia\/imagens\/novela-iludida-logo-resumo-canal-tnt-768x432.jpg 768w, https:\/\/migracao.redenoticia.com.br\/noticia\/imagens\/novela-iludida-logo-resumo-canal-tnt-150x84.jpg 150w\" sizes=\"auto, (max-width: 1280px) 100vw, 1280px\" \/><\/p>\n<p><strong><em>Resumo da novela \u201cIludida\u201d<\/em><\/strong> em 12\/01: no cap\u00edtulo 146(*) da novela, Asya, que n\u00e3o v\u00ea o ex-marido capaz de cumprir a palavra de separa\u00e7\u00e3o, aparece no meio da noite e confessa toda a verdade a Derin: \u201cVolkan n\u00e3o me esqueceu e quer te deixar para sempre\u201d. A garota perde o controle e tenta esfaquear Asya, mas \u00e9 Volkan quem recebe uma facada no peito. Derin \u00e9 presa por ter esfaqueado Volkan. Enquanto isso, este \u00faltimo passa por uma delicada opera\u00e7\u00e3o da qual sai vivo, mas muito debilitado. Ali, Derya e Asya rezam para que o arquiteto se recupere. A m\u00e9dica se sente culpada por ter se vingado at\u00e9 agora e teme que seu filho fique sem o pai por causa de seus desejos.<\/p>\n<p>Ceren est\u00e1 arrasada com o que Sel\u00e7uk disse ao telefone. Derin comete um erro enorme e encontra consolo em Onur. E quando Derya tenta explicar a Volkan tudo o que Asya fez, ela aparece bem a tempo de impedi-la. &#8230; As horas passam e Volkan acorda. Este, ciente de que Derin n\u00e3o est\u00e1 em seu ju\u00edzo perfeito, declara \u00e0 pol\u00edcia que tudo foi um acidente: &#8220;Nunca pensei que ela quisesse me machucar de prop\u00f3sito, ent\u00e3o n\u00e3o vou prestar queixa.&#8221; Ele n\u00e3o quer que a m\u00e3e de sua filha seja presa. Asya confirma sua vers\u00e3o. Uma semana depois, Volkan recebe alta do hospital. Em vez de voltar para casa, ele vai para aquela que era sua antiga casa, onde recebe toda a aten\u00e7\u00e3o de Asya. Por sua vez, Derin, que n\u00e3o suporta tanta dor, refugia-se nos bra\u00e7os de Onur e acaba fazendo amor com ele. Por\u00e9m, ao final do encontro apaixonado, ela se arrepende do que fez e garante que vai dar um jeito de trazer o marido de volta.<\/p>\n<p>(*) edi\u00e7\u00e3o das novelas da TNT\/HBO, \u201cIludida\u201d, sujeito a altera\u00e7\u00e3o de data e conte\u00fado.<\/p>\n<p>Sinopse &#8220;Iludida&#8221;: Com apenas 37 anos, Asya \u00e9 vice-diretora e m\u00e9dica em um hospital da cidade de Tekirdag. Al\u00e9m de ter uma carreira profissional de sucesso, leva uma vida tranquila com o seu marido Volkan e seu filho Ali. Ela parece ter tudo: um trabalho perfeito, uma casa linda e uma fam\u00edlia feliz. Asya se sente a mulher mais sortuda do mundo, o que mais ela poderia pedir? Tudo na sua vida parecia ser cor-de-rosa, at\u00e9 que ela descobre um cabelo loiro no cachecol do seu marido, o que a transforma em uma pessoa obsessiva e incapaz de confiar nas pessoas ao seu redor. Por\u00e9m, ela n\u00e3o se engana em desconfiar deles: aos poucos, Asya descobre uma rede de mentiras que a leva a perceber que a sua vida n\u00e3o era t\u00e3o perfeita como ela pensava.<\/p>\n","protected":false},"excerpt":{"rendered":"<p>Resumo da novela \u201cIludida\u201d em 12\/01: no cap\u00edtulo 146(*) da novela, Asya, que n\u00e3o v\u00ea o ex-marido capaz de cumprir a palavra de separa\u00e7\u00e3o, aparece no meio da noite e confessa toda a verdade a Derin: \u201cVolkan n\u00e3o me esqueceu e quer te deixar para sempre\u201d. A garota perde o controle e tenta esfaquear Asya, [&hellip;]<\/p>\n","protected":false},"author":3,"featured_media":235991,"comment_status":"closed","ping_status":"closed","sticky":false,"template":"","format":"standard","meta":{"tdm_status":"","tdm_grid_status":"","footnotes":""},"categories":[2317,379,2025,343,2315],"tags":[441],"class_list":{"0":"post-241270","1":"post","2":"type-post","3":"status-publish","4":"format-standard","5":"has-post-thumbnail","7":"category-iludida","8":"category-novelas","9":"category-resumo","10":"category-televisao","11":"category-tnt","12":"tag-resumo-do-dia"},"_links":{"self":[{"href":"https:\/\/migracao.redenoticia.com.br\/noticia\/wp-json\/wp\/v2\/posts\/241270","targetHints":{"allow":["GET"]}}],"collection":[{"href":"https:\/\/migracao.redenoticia.com.br\/noticia\/wp-json\/wp\/v2\/posts"}],"about":[{"href":"https:\/\/migracao.redenoticia.com.br\/noticia\/wp-json\/wp\/v2\/types\/post"}],"author":[{"embeddable":true,"href":"https:\/\/migracao.redenoticia.com.br\/noticia\/wp-json\/wp\/v2\/users\/3"}],"replies":[{"embeddable":true,"href":"https:\/\/migracao.redenoticia.com.br\/noticia\/wp-json\/wp\/v2\/comments?post=241270"}],"version-history":[{"count":0,"href":"https:\/\/migracao.redenoticia.com.br\/noticia\/wp-json\/wp\/v2\/posts\/241270\/revisions"}],"wp:featuredmedia":[{"embeddable":true,"href":"https:\/\/migracao.redenoticia.com.br\/noticia\/wp-json\/wp\/v2\/media\/235991"}],"wp:attachment":[{"href":"https:\/\/migracao.redenoticia.com.br\/noticia\/wp-json\/wp\/v2\/media?parent=241270"}],"wp:term":[{"taxonomy":"category","embeddable":true,"href":"https:\/\/migracao.redenoticia.com.br\/noticia\/wp-json\/wp\/v2\/categories?post=241270"},{"taxonomy":"post_tag","embeddable":true,"href":"https:\/\/migracao.redenoticia.com.br\/noticia\/wp-json\/wp\/v2\/tags?post=241270"}],"curies":[{"name":"wp","href":"https:\/\/api.w.org\/{rel}","templated":true}]}}