{"id":241327,"date":"2024-01-14T15:46:49","date_gmt":"2024-01-14T18:46:49","guid":{"rendered":"https:\/\/www.redenoticia.com.br\/noticia\/?p=241327"},"modified":"2024-01-14T15:46:49","modified_gmt":"2024-01-14T18:46:49","slug":"resumo-abismo-de-paixao-15-01-augusto-e-ramona-se-encontram-no-tumulo-de-estefania","status":"publish","type":"post","link":"https:\/\/migracao.redenoticia.com.br\/noticia\/2024\/resumo-abismo-de-paixao-15-01-augusto-e-ramona-se-encontram-no-tumulo-de-estefania\/241327","title":{"rendered":"Resumo \u201cAbismo de Paix\u00e3o\u201d 15\/01: Augusto e Ramona se encontram no tumulo de Estef\u00e2nia"},"content":{"rendered":"<p> <img loading=\"lazy\" decoding=\"async\" src=\"https:\/\/migracao.redenoticia.com.br\/noticia\/imagens\/abismo-de-paixao-novela-resumo.jpg\" alt=\"\" width=\"1280\" height=\"720\" class=\"aligncenter size-full wp-image-240071\" srcset=\"https:\/\/migracao.redenoticia.com.br\/noticia\/imagens\/abismo-de-paixao-novela-resumo.jpg 1280w, https:\/\/migracao.redenoticia.com.br\/noticia\/imagens\/abismo-de-paixao-novela-resumo-250x140.jpg 250w, https:\/\/migracao.redenoticia.com.br\/noticia\/imagens\/abismo-de-paixao-novela-resumo-400x225.jpg 400w, https:\/\/migracao.redenoticia.com.br\/noticia\/imagens\/abismo-de-paixao-novela-resumo-768x432.jpg 768w, https:\/\/migracao.redenoticia.com.br\/noticia\/imagens\/abismo-de-paixao-novela-resumo-150x85.jpg 150w\" sizes=\"auto, (max-width: 1280px) 100vw, 1280px\" \/> <\/p>\n<p><strong><em>Resumo da novela \u201cAbismo de Paix\u00e3o\u201d<\/em><\/strong> em 15\/01: no cap\u00edtulo 047(*) da novela, Almerinda, diz a Dami\u00e3o que prefere morrer a v\u00ea-lo casado com Elisa. Carmen diz a Augusto que n\u00e3o permitir\u00e1 que ele v\u00e1 embora com Elisa e a deixe para tr\u00e1s como se ela fosse um material descart\u00e1vel. Augusto responde que ainda est\u00e1 em tempo dela procurar um homem que a ame. Elisa diz a Dami\u00e3o que seu pai jamais considerou aceitar que eles se casem, que apenas o usou para ganhar tempo, at\u00e9 que eles tivessem o tempo necess\u00e1rio para partir do povoado. Dami\u00e3o diz a Elisa que desistiu da processadora, de sua m\u00e3e, de sua vida por ela, e n\u00e3o \u00e9 justo o que ela pretende fazer. Almerinda diz a Guido que no banco a disseram que ele ordenou que transferissem seu dinheiro para uma conta no estrangeiro, e a menos que ele tenha uma boa explica\u00e7\u00e3o, ir\u00e1 recorrer \u00e0s autoridades. Guido jura que n\u00e3o ordenou nada, e vai averiguar o que ocorreu. Guido diz a Paulo que n\u00e3o \u00e9 poss\u00edvel que esteja ocorrendo na processadora o mesmo que aconteceu em sua empresa. Ele desconfia de Ramiro. Dami\u00e3o diz a Augusto que ele o enganou. Que queria ganhar tempo para fugir levando Elisa consigo, mas o adverte que ele n\u00e3o deixar\u00e1 Elisa por nada. <\/p>\n<p>Paulo diz a Almerinda que ainda que quisesse defender seu irm\u00e3o, n\u00e3o poderia. Ele fez o mesmo na capital, e seus s\u00f3cios s\u00f3 n\u00e3o o meteram na cadeia por n\u00e3o terem conseguido as provas. Paulo ainda afirma que Guido sempre quis casar Dami\u00e3o e Flor\u00eancia, s\u00f3 para levantar seus neg\u00f3cios, que estavam todos arruinados. A Pol\u00edcia chega para levar Guido. Dami\u00e3o diz a Augusto que s\u00f3 morto poder\u00e1 estar separado de Elisa. Elisa, chorando, diz ao pai que n\u00e3o quer perder Dami\u00e3o. Augusto diz aos dois que n\u00e3o pode haver nada entre eles. Carmen exige que Augusto os conte toda a verdade. Carmen diz a Elisa e Dami\u00e3o que n\u00e3o pode haver nada entre eles porque ambos s\u00e3o filhos do mesmo pai, Rog\u00e9rio Arango.<\/p>\n<p>Elisa diz que isso n\u00e3o \u00e9 verdade, que essa s\u00f3 pode ser \u00e9 mais uma inven\u00e7\u00e3o de sua mente amargurada, pois Estef\u00e2nia jamais teve nada com Rog\u00e9rio. Carmem diz que Augusto queria lev\u00e1-la para n\u00e3o ter que lhe dizer a verdade. Dami\u00e3o pede provas e Augusto responde que h\u00e1 algum tempo fez um exame de DNA, cujo resultado o destruiu mais do que quando Estef\u00e2nia o traiu com Rog\u00e9rio. Elisa diz a Dolores que n\u00e3o pode ver Dami\u00e3o como irm\u00e3o, pois o deseja como homem. Augusto se desculpa com Elisa e ela diz que a repentina mudan\u00e7a do pai era mentira. Ela preferiria que o pai tivesse lhe dito a verdade, e n\u00e3o tivesse destru\u00eddo a imagem que ela tinha dele. Augusto diz que a filha n\u00e3o deveria ter se apaixonado por Dami\u00e3o, que se tivesse ficado com Gael, tudo seria mais f\u00e1cil. Elisa responde que no cora\u00e7\u00e3o n\u00e3o se manda. Augusto diz a Carmem que o fato de n\u00e3o ir mais com Elisa para a capital n\u00e3o muda nada em sua rela\u00e7\u00e3o com ela. Augusto e Ramona se encontram diante do tumulo de Estef\u00e2nia. <\/p>\n<p>Ramona diz que n\u00e3o permitir\u00e1 que ele v\u00e1 embora sem que saiba de toda a verdade. Ela conta que antes de morrer, Estef\u00e2nia disse que \u201ctinha que det\u00ea-los\u201d. Naquele momento ela n\u00e3o entendeu, mas agora tudo est\u00e1 muito claro. Elisa aparece repentinamente e exige que Augusto v\u00e1 embora, pois n\u00e3o tem o direito de estar ali. Dami\u00e3o pergunta a Almerinda desde quando seu pai e a m\u00e3e de Elisa tinham uma rela\u00e7\u00e3o. Almerinda responde que a rela\u00e7\u00e3o entre Rog\u00e9rio e Estef\u00e2nia sempre aconteceu, mas n\u00e3o pode garantir que Elisa seja sua irm\u00e3. Ingrid diz a Carmem que j\u00e1 sabe de toda a verdade sobre ela e Rog\u00e9rio Arango, e quer favores em troca de seu sil\u00eancio. Carmem diz a Hor\u00e1cio que quer as passagens de avi\u00e3o que est\u00e3o com Ramiro. O Padre Lupe diz a Dami\u00e3o que est\u00e1 feliz por Elisa n\u00e3o ter ido embora. Dami\u00e3o chorando, diz que sua rela\u00e7\u00e3o com Elisa jamais ser\u00e1 a mesma, pois ambos s\u00e3o filhos de Rog\u00e9rio. Lupe responde que isso \u00e9 uma grande mentira, pois Estef\u00e2nia e Rog\u00e9rio nunca foram amantes.<\/p>\n<p>(*) edi\u00e7\u00e3o das novelas do SBT, \u201cAbismo de Paix\u00e3o\u201d, sujeito a altera\u00e7\u00e3o de data e conte\u00fado.<\/p>\n<p>Sinopse \u201cAbismo de Paix\u00e3o\u201d: Almerinda, temendo a reaproxima\u00e7\u00e3o de Dami\u00e3o e Elisa, come\u00e7a a pressionar seu filho pra que ele se case o mais r\u00e1pido poss\u00edvel e retorne \u00e0 It\u00e1lia. Dami\u00e3o termina seu noivado com Flor\u00eancia assim que percebe que est\u00e1 apaixonado por Elisa e os dois planejam se casar escondido de suas fam\u00edlias. Augusto descobre o romance clandestino dos dois e n\u00e3o est\u00e1 disposto a aceitar o filho do amante de sua esposa como seu genro. <\/p>\n<p>Ele amea\u00e7a Elisa de matar Dami\u00e3o caso eles continuem juntos e Elisa decide se sacrificar pela vida de seu amado e termina sua rela\u00e7\u00e3o; e para que Dami\u00e3o pare de insistir, se d\u00e1 uma oportunidade com Gael, que confessou que sempre esteve apaixonado por ela. Essa decis\u00e3o al\u00e9m de abalar a amizade entre Dami\u00e3o e Gael, tamb\u00e9m abala a amizade entre Paloma e Elisa, j\u00e1 que Paloma sempre esteve apaixonada por Gael. <\/p>\n","protected":false},"excerpt":{"rendered":"<p>Resumo da novela \u201cAbismo de Paix\u00e3o\u201d em 15\/01: no cap\u00edtulo 047(*) da novela, Almerinda, diz a Dami\u00e3o que prefere morrer a v\u00ea-lo casado com Elisa. Carmen diz a Augusto que n\u00e3o permitir\u00e1 que ele v\u00e1 embora com Elisa e a deixe para tr\u00e1s como se ela fosse um material descart\u00e1vel. Augusto responde que ainda est\u00e1 [&hellip;]<\/p>\n","protected":false},"author":5,"featured_media":240070,"comment_status":"closed","ping_status":"closed","sticky":false,"template":"","format":"standard","meta":{"tdm_status":"","tdm_grid_status":"","footnotes":""},"categories":[2321,379,2025,372,343],"tags":[441],"class_list":{"0":"post-241327","1":"post","2":"type-post","3":"status-publish","4":"format-standard","5":"has-post-thumbnail","7":"category-abismo-de-paixao","8":"category-novelas","9":"category-resumo","10":"category-sbt","11":"category-televisao","12":"tag-resumo-do-dia"},"_links":{"self":[{"href":"https:\/\/migracao.redenoticia.com.br\/noticia\/wp-json\/wp\/v2\/posts\/241327","targetHints":{"allow":["GET"]}}],"collection":[{"href":"https:\/\/migracao.redenoticia.com.br\/noticia\/wp-json\/wp\/v2\/posts"}],"about":[{"href":"https:\/\/migracao.redenoticia.com.br\/noticia\/wp-json\/wp\/v2\/types\/post"}],"author":[{"embeddable":true,"href":"https:\/\/migracao.redenoticia.com.br\/noticia\/wp-json\/wp\/v2\/users\/5"}],"replies":[{"embeddable":true,"href":"https:\/\/migracao.redenoticia.com.br\/noticia\/wp-json\/wp\/v2\/comments?post=241327"}],"version-history":[{"count":0,"href":"https:\/\/migracao.redenoticia.com.br\/noticia\/wp-json\/wp\/v2\/posts\/241327\/revisions"}],"wp:featuredmedia":[{"embeddable":true,"href":"https:\/\/migracao.redenoticia.com.br\/noticia\/wp-json\/wp\/v2\/media\/240070"}],"wp:attachment":[{"href":"https:\/\/migracao.redenoticia.com.br\/noticia\/wp-json\/wp\/v2\/media?parent=241327"}],"wp:term":[{"taxonomy":"category","embeddable":true,"href":"https:\/\/migracao.redenoticia.com.br\/noticia\/wp-json\/wp\/v2\/categories?post=241327"},{"taxonomy":"post_tag","embeddable":true,"href":"https:\/\/migracao.redenoticia.com.br\/noticia\/wp-json\/wp\/v2\/tags?post=241327"}],"curies":[{"name":"wp","href":"https:\/\/api.w.org\/{rel}","templated":true}]}}