{"id":241346,"date":"2024-01-15T15:41:32","date_gmt":"2024-01-15T18:41:32","guid":{"rendered":"https:\/\/www.redenoticia.com.br\/noticia\/?p=241346"},"modified":"2024-01-15T15:41:13","modified_gmt":"2024-01-15T18:41:13","slug":"resumo-terra-e-paixao-16-01-antonio-e-seus-capangas-sao-surpreendidos-por-marino","status":"publish","type":"post","link":"https:\/\/migracao.redenoticia.com.br\/noticia\/2024\/resumo-terra-e-paixao-16-01-antonio-e-seus-capangas-sao-surpreendidos-por-marino\/241346","title":{"rendered":"Resumo &#8220;Terra e Paix\u00e3o&#8221; 16\/01: Ant\u00f4nio e seus capangas s\u00e3o surpreendidos por Marino"},"content":{"rendered":"<p><img loading=\"lazy\" decoding=\"async\" src=\"https:\/\/migracao.redenoticia.com.br\/noticia\/imagens\/novela-terra-e-paixao-resumo.jpg\" alt=\"\" width=\"1280\" height=\"720\" class=\"aligncenter size-full wp-image-231930\" srcset=\"https:\/\/migracao.redenoticia.com.br\/noticia\/imagens\/novela-terra-e-paixao-resumo.jpg 1280w, https:\/\/migracao.redenoticia.com.br\/noticia\/imagens\/novela-terra-e-paixao-resumo-250x140.jpg 250w, https:\/\/migracao.redenoticia.com.br\/noticia\/imagens\/novela-terra-e-paixao-resumo-400x225.jpg 400w, https:\/\/migracao.redenoticia.com.br\/noticia\/imagens\/novela-terra-e-paixao-resumo-768x432.jpg 768w, https:\/\/migracao.redenoticia.com.br\/noticia\/imagens\/novela-terra-e-paixao-resumo-150x84.jpg 150w\" sizes=\"auto, (max-width: 1280px) 100vw, 1280px\" \/> <\/p>\n<p><strong><em>Resumo da novela &#8220;Terra e Paix\u00e3o&#8221;<\/em><\/strong> em 16\/01: no cap\u00edtulo 218(*) da novela, Marta d\u00e1 alta para Ramiro. Vin\u00edcius aceita ajudar Aline e Caio na extra\u00e7\u00e3o dos diamantes. Caio aconselha Vin\u00edcius a tomar cuidado com Irene. Ant\u00f4nio e seus capangas s\u00e3o surpreendidos por Marino, que d\u00e1 voz de pris\u00e3o a ele. Jonatas conta a Gra\u00e7a que Marino reunir\u00e1 algumas pessoas na delegacia para contar como Agatha morreu. <\/p>\n<p>Gentil visita Angelina na cadeia e promete que n\u00e3o contar\u00e1 a verdade sobre o crime. Aline e Caio comemoram a pris\u00e3o de Ant\u00f4nio. Natercinho flagra Anely e Luigi juntos. Gra\u00e7a se desespera ao perceber que Irene levou Danielzinho. Ant\u00f4nio manda Silv\u00e9rio armar sua fuga da pris\u00e3o. Vin\u00edcius finge estar receptivo a Irene quando ela o surpreende no rio. Vin\u00edcius se assusta ao ouvir de Irene que ele e Danielzinho ser\u00e3o sua fam\u00edlia.<\/p>\n<p>(*) edi\u00e7\u00e3o das novelas da Globo, &#8220;Terra e Paix\u00e3o&#8221;, sujeito a altera\u00e7\u00e3o de data e conte\u00fado.<\/p>\n<p>Sinopse &#8220;Terra e Paix\u00e3o&#8221;: Aline vive ao lado do marido Samuel e do filho Jo\u00e3o. Ap\u00f3s um atentado em sua casa, v\u00ea-se sozinha com o menino diante das terras deixadas pelo marido. Aline aprende a plantar com a ajuda de Jonatas, um amigo fiel. Al\u00e9m de contar com ele, tem ao seu lado sua m\u00e3e. Aline se aproxima dos irm\u00e3os Caio e Daniel, filhos do poderoso fazendeiro Ant\u00f4nio, com quem precisa brigar para manter suas terras. Ao lado dos dois rapazes, descobre sentimentos novos. Ant\u00f4nio La Selva \u00e9 casado com Irene com quem tem dois filhos, Daniel e Petra. Ele foi muito apaixonado por Agatha, com quem teve Caio, e culpa o rapaz pela morte da m\u00e3e no pr\u00e9-parto. <\/p>\n","protected":false},"excerpt":{"rendered":"<p>Resumo da novela &#8220;Terra e Paix\u00e3o&#8221; em 16\/01: no cap\u00edtulo 218(*) da novela, Marta d\u00e1 alta para Ramiro. Vin\u00edcius aceita ajudar Aline e Caio na extra\u00e7\u00e3o dos diamantes. Caio aconselha Vin\u00edcius a tomar cuidado com Irene. Ant\u00f4nio e seus capangas s\u00e3o surpreendidos por Marino, que d\u00e1 voz de pris\u00e3o a ele. Jonatas conta a Gra\u00e7a [&hellip;]<\/p>\n","protected":false},"author":2,"featured_media":231928,"comment_status":"closed","ping_status":"closed","sticky":false,"template":"","format":"standard","meta":{"tdm_status":"","tdm_grid_status":"","footnotes":""},"categories":[379,375,2025,343,2305],"tags":[441],"class_list":{"0":"post-241346","1":"post","2":"type-post","3":"status-publish","4":"format-standard","5":"has-post-thumbnail","7":"category-novelas","8":"category-rede-globo","9":"category-resumo","10":"category-televisao","11":"category-terra-e-paixao","12":"tag-resumo-do-dia"},"_links":{"self":[{"href":"https:\/\/migracao.redenoticia.com.br\/noticia\/wp-json\/wp\/v2\/posts\/241346","targetHints":{"allow":["GET"]}}],"collection":[{"href":"https:\/\/migracao.redenoticia.com.br\/noticia\/wp-json\/wp\/v2\/posts"}],"about":[{"href":"https:\/\/migracao.redenoticia.com.br\/noticia\/wp-json\/wp\/v2\/types\/post"}],"author":[{"embeddable":true,"href":"https:\/\/migracao.redenoticia.com.br\/noticia\/wp-json\/wp\/v2\/users\/2"}],"replies":[{"embeddable":true,"href":"https:\/\/migracao.redenoticia.com.br\/noticia\/wp-json\/wp\/v2\/comments?post=241346"}],"version-history":[{"count":0,"href":"https:\/\/migracao.redenoticia.com.br\/noticia\/wp-json\/wp\/v2\/posts\/241346\/revisions"}],"wp:featuredmedia":[{"embeddable":true,"href":"https:\/\/migracao.redenoticia.com.br\/noticia\/wp-json\/wp\/v2\/media\/231928"}],"wp:attachment":[{"href":"https:\/\/migracao.redenoticia.com.br\/noticia\/wp-json\/wp\/v2\/media?parent=241346"}],"wp:term":[{"taxonomy":"category","embeddable":true,"href":"https:\/\/migracao.redenoticia.com.br\/noticia\/wp-json\/wp\/v2\/categories?post=241346"},{"taxonomy":"post_tag","embeddable":true,"href":"https:\/\/migracao.redenoticia.com.br\/noticia\/wp-json\/wp\/v2\/tags?post=241346"}],"curies":[{"name":"wp","href":"https:\/\/api.w.org\/{rel}","templated":true}]}}