{"id":241358,"date":"2024-01-15T15:27:46","date_gmt":"2024-01-15T18:27:46","guid":{"rendered":"https:\/\/www.redenoticia.com.br\/noticia\/?p=241358"},"modified":"2024-01-15T15:27:46","modified_gmt":"2024-01-15T18:27:46","slug":"resumo-iludida-16-01-gonul-percebe-que-estava-errada-sobre-asya","status":"publish","type":"post","link":"https:\/\/migracao.redenoticia.com.br\/noticia\/2024\/resumo-iludida-16-01-gonul-percebe-que-estava-errada-sobre-asya\/241358","title":{"rendered":"Resumo \u201cIludida\u201d 16\/01: G\u00f6n\u00fcl percebe que estava errada sobre Asya"},"content":{"rendered":"<p> <img loading=\"lazy\" decoding=\"async\" class=\"aligncenter size-full wp-image-235992\" src=\"https:\/\/migracao.redenoticia.com.br\/noticia\/imagens\/novela-iludida-logo-resumo-canal-tnt.jpg\" alt=\"\" width=\"1280\" height=\"720\" srcset=\"https:\/\/migracao.redenoticia.com.br\/noticia\/imagens\/novela-iludida-logo-resumo-canal-tnt.jpg 1280w, https:\/\/migracao.redenoticia.com.br\/noticia\/imagens\/novela-iludida-logo-resumo-canal-tnt-250x140.jpg 250w, https:\/\/migracao.redenoticia.com.br\/noticia\/imagens\/novela-iludida-logo-resumo-canal-tnt-400x225.jpg 400w, https:\/\/migracao.redenoticia.com.br\/noticia\/imagens\/novela-iludida-logo-resumo-canal-tnt-768x432.jpg 768w, https:\/\/migracao.redenoticia.com.br\/noticia\/imagens\/novela-iludida-logo-resumo-canal-tnt-150x84.jpg 150w\" sizes=\"auto, (max-width: 1280px) 100vw, 1280px\" \/><\/p>\n<p><strong><em>Resumo da novela \u201cIludida\u201d<\/em><\/strong> em 16\/01: no cap\u00edtulo 148(*) da novela, Volkan \u00e9 preso, acusado de fraudar e roubar a fam\u00edlia G\u00fc\u00e7l\u00fc. Derin sofre outro surto psic\u00f3tico, culpa a m\u00e3e por destruir sua fam\u00edlia e, sem dizer para onde vai, entra no carro e vai embora. No meio do caminho, ela liga para Asya e diz a ela que vai acabar com o sofrimento dela, assim como antes.<\/p>\n<p>G\u00f6n\u00fcl percebe o quanto ela estava errada sobre Asya, que mais uma vez salva a vida de Derin. Volkan precisa que Derin testemunhe para escapar do que fez e Ceren decide largar tudo e ir para Istambul. &#8230; A m\u00e9dica entende que Derin est\u00e1 indo para o penhasco onde quase perderam a vida em uma ocasi\u00e3o. Ela pretende pular no mar. Asya chega a tempo de impedir que a jovem tire a pr\u00f3pria vida. <\/p>\n<p>Depois de consol\u00e1-la e faz\u00ea-la reconsiderar, ela a arrasta para o interior e a abra\u00e7a. Ent\u00e3o ela a leva para o hospital. Enquanto os m\u00e9dicos a examinam, ela liga para G\u00f6nul e Onur para atualiz\u00e1-los sobre como est\u00e1 a paciente: &#8220;Ela deve ser internada em um hospital psiqui\u00e1trico para se recuperar&#8221;, diz a m\u00e9dica a G\u00f6nul. Ela, por sua vez, agradece a ele por salvar sua filha. <\/p>\n<p>(*) edi\u00e7\u00e3o das novelas da TNT\/HBO, \u201cIludida\u201d, sujeito a altera\u00e7\u00e3o de data e conte\u00fado.<\/p>\n<p>Sinopse &#8220;Iludida&#8221;: Com apenas 37 anos, Asya \u00e9 vice-diretora e m\u00e9dica em um hospital da cidade de Tekirdag. Al\u00e9m de ter uma carreira profissional de sucesso, leva uma vida tranquila com o seu marido Volkan e seu filho Ali. Ela parece ter tudo: um trabalho perfeito, uma casa linda e uma fam\u00edlia feliz. Asya se sente a mulher mais sortuda do mundo, o que mais ela poderia pedir? Tudo na sua vida parecia ser cor-de-rosa, at\u00e9 que ela descobre um cabelo loiro no cachecol do seu marido, o que a transforma em uma pessoa obsessiva e incapaz de confiar nas pessoas ao seu redor. Por\u00e9m, ela n\u00e3o se engana em desconfiar deles: aos poucos, Asya descobre uma rede de mentiras que a leva a perceber que a sua vida n\u00e3o era t\u00e3o perfeita como ela pensava.<\/p>\n","protected":false},"excerpt":{"rendered":"<p>Resumo da novela \u201cIludida\u201d em 16\/01: no cap\u00edtulo 148(*) da novela, Volkan \u00e9 preso, acusado de fraudar e roubar a fam\u00edlia G\u00fc\u00e7l\u00fc. Derin sofre outro surto psic\u00f3tico, culpa a m\u00e3e por destruir sua fam\u00edlia e, sem dizer para onde vai, entra no carro e vai embora. No meio do caminho, ela liga para Asya e [&hellip;]<\/p>\n","protected":false},"author":4,"featured_media":235991,"comment_status":"closed","ping_status":"closed","sticky":false,"template":"","format":"standard","meta":{"tdm_status":"","tdm_grid_status":"","footnotes":""},"categories":[2317,379,2025,343,2315],"tags":[441],"class_list":{"0":"post-241358","1":"post","2":"type-post","3":"status-publish","4":"format-standard","5":"has-post-thumbnail","7":"category-iludida","8":"category-novelas","9":"category-resumo","10":"category-televisao","11":"category-tnt","12":"tag-resumo-do-dia"},"_links":{"self":[{"href":"https:\/\/migracao.redenoticia.com.br\/noticia\/wp-json\/wp\/v2\/posts\/241358","targetHints":{"allow":["GET"]}}],"collection":[{"href":"https:\/\/migracao.redenoticia.com.br\/noticia\/wp-json\/wp\/v2\/posts"}],"about":[{"href":"https:\/\/migracao.redenoticia.com.br\/noticia\/wp-json\/wp\/v2\/types\/post"}],"author":[{"embeddable":true,"href":"https:\/\/migracao.redenoticia.com.br\/noticia\/wp-json\/wp\/v2\/users\/4"}],"replies":[{"embeddable":true,"href":"https:\/\/migracao.redenoticia.com.br\/noticia\/wp-json\/wp\/v2\/comments?post=241358"}],"version-history":[{"count":0,"href":"https:\/\/migracao.redenoticia.com.br\/noticia\/wp-json\/wp\/v2\/posts\/241358\/revisions"}],"wp:featuredmedia":[{"embeddable":true,"href":"https:\/\/migracao.redenoticia.com.br\/noticia\/wp-json\/wp\/v2\/media\/235991"}],"wp:attachment":[{"href":"https:\/\/migracao.redenoticia.com.br\/noticia\/wp-json\/wp\/v2\/media?parent=241358"}],"wp:term":[{"taxonomy":"category","embeddable":true,"href":"https:\/\/migracao.redenoticia.com.br\/noticia\/wp-json\/wp\/v2\/categories?post=241358"},{"taxonomy":"post_tag","embeddable":true,"href":"https:\/\/migracao.redenoticia.com.br\/noticia\/wp-json\/wp\/v2\/tags?post=241358"}],"curies":[{"name":"wp","href":"https:\/\/api.w.org\/{rel}","templated":true}]}}