{"id":241484,"date":"2024-01-18T17:29:26","date_gmt":"2024-01-18T20:29:26","guid":{"rendered":"https:\/\/www.redenoticia.com.br\/noticia\/?p=241484"},"modified":"2024-01-18T17:29:26","modified_gmt":"2024-01-18T20:29:26","slug":"resumo-paraiso-tropical-19-01-daniel-ve-paula-dentro-do-onibus-e-grita","status":"publish","type":"post","link":"https:\/\/migracao.redenoticia.com.br\/noticia\/2024\/resumo-paraiso-tropical-19-01-daniel-ve-paula-dentro-do-onibus-e-grita\/241484","title":{"rendered":"Resumo &#8220;Para\u00edso Tropical&#8221; 19\/01: Daniel v\u00ea Paula dentro do \u00f4nibus e grita"},"content":{"rendered":"<p> <img loading=\"lazy\" decoding=\"async\" src=\"https:\/\/migracao.redenoticia.com.br\/noticia\/imagens\/paraiso-tropical-resumo-elenco.jpg\" alt=\"\" width=\"1280\" height=\"720\" class=\"aligncenter size-full wp-image-240065\" srcset=\"https:\/\/migracao.redenoticia.com.br\/noticia\/imagens\/paraiso-tropical-resumo-elenco.jpg 1280w, https:\/\/migracao.redenoticia.com.br\/noticia\/imagens\/paraiso-tropical-resumo-elenco-250x140.jpg 250w, https:\/\/migracao.redenoticia.com.br\/noticia\/imagens\/paraiso-tropical-resumo-elenco-400x225.jpg 400w, https:\/\/migracao.redenoticia.com.br\/noticia\/imagens\/paraiso-tropical-resumo-elenco-768x432.jpg 768w, https:\/\/migracao.redenoticia.com.br\/noticia\/imagens\/paraiso-tropical-resumo-elenco-150x85.jpg 150w\" sizes=\"auto, (max-width: 1280px) 100vw, 1280px\" \/> <\/p>\n<p><em><strong>Resumo da novela &#8220;Para\u00edso Tropical&#8221;<\/strong><\/em> em 19\/01: no cap\u00edtulo 040(*) da novela, Ana Lu\u00edsa deixa claro que n\u00e3o quer mais viver com Antenor e que o despreza. Fabiana chora desesperadamente e \u00e9 consolada por Rodrigo e Tiago. Lucas planeja mudar sua vida, j\u00e1 que n\u00e3o pode ter a mulher que ama. Dinor\u00e1 se prepara para viajar em sua Segunda lua-de-mel. Camila diz a Neli que est\u00e1 tudo bem entra ela e Fred, mas confessa a Susaninha que est\u00e1 apaixonada por Mateus. Odete comenta com Tiago que j\u00e1 viu Paula e Virg\u00ednia juntas. <\/p>\n<p>Gustavo conta a hist\u00f3ria do atropelamento de Ta\u00eds. Ta\u00eds diz a Daniel que tem uma pista de onde Paula est\u00e1. Antenor manda contratar o restaurante de C\u00e1ssio, para irrita\u00e7\u00e3o de Olavo. Virg\u00ednia descobre que Paula \u00e9 apaixonada por Daniel e a incentiva a procur\u00e1-lo. Daniel insiste em conversar com Fabiana ao saber que ela foi demitida. Paula v\u00ea Daniel abra\u00e7ado com Fabiana e vai embora correndo. J\u00e1der pega um notebook do apartamento de Olavo. Umberto diz que foi despejado e Joana pede para Tiago que o abrigue. <\/p>\n<p>Wilma v\u00ea Mateus conversando com C\u00e1ssio e conta para os patr\u00f5es. Paula decide viajar para Itaipava. Daniel descobre que Ta\u00eds estava com Paula na noite do atropelamento. L\u00facia chega ao Rio de Janeiro. Daniel v\u00ea Paula dentro de um \u00f4nibus e grita o nome de Ta\u00eds. Daniel percebe que \u00e9 Paula e grita para que ela des\u00e7a do \u00f4nibus. Daniel segue o \u00f4nibus. Os dois se beijam, emocionados com o reencontro.<\/p>\n<p>(*) edi\u00e7\u00e3o das novelas da Globo, &#8220;Para\u00edso Tropical&#8221;, sujeito a altera\u00e7\u00e3o de data e conte\u00fado.<\/p>\n<p>Sinopse &#8220;Para\u00edso Tropical&#8221;: Olavo manda Bebel se encontrar com Paula no aeroporto, fingindo estar indo para a Amaz\u00f4nia trabalhar como recepcionista em um hotel em Manaus. Paula recebe uma liga\u00e7\u00e3o de Daniel, que a ofende por ser a filha de Am\u00e9lia, mas isso n\u00e3o passa de outra armadilha do plano de Olavo, que grampeou o celular de Daniel e editou trechos para formular a ofensa. Decepcionada, Paula decide embarcar para a Amaz\u00f4nia. <\/p>\n<p>Daniel volta para o Rio de Janeiro sem nunca ter entendido o sumi\u00e7o repentino de Paula, que tamb\u00e9m vai ao Rio em busca do seu passado e do seu av\u00f4 biol\u00f3gico. Nas ruas da cidade, Daniel encontra Paula por acaso e ela o trata de maneira r\u00edspida e grosseira. Entretanto, a mo\u00e7a trata-se de Ta\u00eds, mulher sensual, inteligente e ego\u00edsta, irm\u00e3 g\u00eamea de Paula.<\/p>\n","protected":false},"excerpt":{"rendered":"<p>Resumo da novela &#8220;Para\u00edso Tropical&#8221; em 19\/01: no cap\u00edtulo 040(*) da novela, Ana Lu\u00edsa deixa claro que n\u00e3o quer mais viver com Antenor e que o despreza. Fabiana chora desesperadamente e \u00e9 consolada por Rodrigo e Tiago. Lucas planeja mudar sua vida, j\u00e1 que n\u00e3o pode ter a mulher que ama. Dinor\u00e1 se prepara para [&hellip;]<\/p>\n","protected":false},"author":5,"featured_media":240064,"comment_status":"closed","ping_status":"closed","sticky":false,"template":"","format":"standard","meta":{"tdm_status":"","tdm_grid_status":"","footnotes":""},"categories":[379,2322,375,2025,343],"tags":[441],"class_list":{"0":"post-241484","1":"post","2":"type-post","3":"status-publish","4":"format-standard","5":"has-post-thumbnail","7":"category-novelas","8":"category-paraiso-tropical","9":"category-rede-globo","10":"category-resumo","11":"category-televisao","12":"tag-resumo-do-dia"},"_links":{"self":[{"href":"https:\/\/migracao.redenoticia.com.br\/noticia\/wp-json\/wp\/v2\/posts\/241484","targetHints":{"allow":["GET"]}}],"collection":[{"href":"https:\/\/migracao.redenoticia.com.br\/noticia\/wp-json\/wp\/v2\/posts"}],"about":[{"href":"https:\/\/migracao.redenoticia.com.br\/noticia\/wp-json\/wp\/v2\/types\/post"}],"author":[{"embeddable":true,"href":"https:\/\/migracao.redenoticia.com.br\/noticia\/wp-json\/wp\/v2\/users\/5"}],"replies":[{"embeddable":true,"href":"https:\/\/migracao.redenoticia.com.br\/noticia\/wp-json\/wp\/v2\/comments?post=241484"}],"version-history":[{"count":0,"href":"https:\/\/migracao.redenoticia.com.br\/noticia\/wp-json\/wp\/v2\/posts\/241484\/revisions"}],"wp:featuredmedia":[{"embeddable":true,"href":"https:\/\/migracao.redenoticia.com.br\/noticia\/wp-json\/wp\/v2\/media\/240064"}],"wp:attachment":[{"href":"https:\/\/migracao.redenoticia.com.br\/noticia\/wp-json\/wp\/v2\/media?parent=241484"}],"wp:term":[{"taxonomy":"category","embeddable":true,"href":"https:\/\/migracao.redenoticia.com.br\/noticia\/wp-json\/wp\/v2\/categories?post=241484"},{"taxonomy":"post_tag","embeddable":true,"href":"https:\/\/migracao.redenoticia.com.br\/noticia\/wp-json\/wp\/v2\/tags?post=241484"}],"curies":[{"name":"wp","href":"https:\/\/api.w.org\/{rel}","templated":true}]}}