{"id":241533,"date":"2024-01-20T20:42:35","date_gmt":"2024-01-20T23:42:35","guid":{"rendered":"https:\/\/www.redenoticia.com.br\/noticia\/?p=241533"},"modified":"2024-01-20T20:42:35","modified_gmt":"2024-01-20T23:42:35","slug":"resumo-renascer-22-01-rachid-encontra-jose-inocencio-pendurado-na-arvore","status":"publish","type":"post","link":"https:\/\/migracao.redenoticia.com.br\/noticia\/2024\/resumo-renascer-22-01-rachid-encontra-jose-inocencio-pendurado-na-arvore\/241533","title":{"rendered":"Resumo &#8220;Renascer&#8221; 22\/01: Rachid encontra Jos\u00e9 Inoc\u00eancio pendurado na \u00e1rvore"},"content":{"rendered":"<p> <img loading=\"lazy\" decoding=\"async\" src=\"https:\/\/migracao.redenoticia.com.br\/noticia\/imagens\/renascer-elenco-resumo.jpg\" alt=\"\" width=\"1280\" height=\"720\" class=\"aligncenter size-full wp-image-241526\" srcset=\"https:\/\/migracao.redenoticia.com.br\/noticia\/imagens\/renascer-elenco-resumo.jpg 1280w, https:\/\/migracao.redenoticia.com.br\/noticia\/imagens\/renascer-elenco-resumo-250x140.jpg 250w, https:\/\/migracao.redenoticia.com.br\/noticia\/imagens\/renascer-elenco-resumo-400x225.jpg 400w, https:\/\/migracao.redenoticia.com.br\/noticia\/imagens\/renascer-elenco-resumo-768x432.jpg 768w, https:\/\/migracao.redenoticia.com.br\/noticia\/imagens\/renascer-elenco-resumo-150x85.jpg 150w\" sizes=\"auto, (max-width: 1280px) 100vw, 1280px\" \/><\/p>\n<p><strong><em>Resumo da novela &#8220;Renascer&#8221;<\/em><\/strong> em 22\/01: no cap\u00edtulo 001(*) da novela, Jos\u00e9 Inoc\u00eancio caminha pelas terras na regi\u00e3o de Ilh\u00e9us at\u00e9 que e se depara com o Jequitib\u00e1.  Ele decide cravar o seu fac\u00e3o aos p\u00e9s da \u00e1rvore, selando seu destino com aquele lugar. Firmino cobra de C\u00e2ndida as d\u00edvidas deixadas por seu marido. Jos\u00e9 Inoc\u00eancio \u00e9 surpreendido por jagun\u00e7os de Firmino e tem o corpo despelado. Rachid, o mascate que passava pelo local, tamb\u00e9m \u00e9 atacado. Ele se salva ao fingir que est\u00e1 morto. Rachid se depara com Jos\u00e9 Inoc\u00eancio pendurado na \u00e1rvore e fica em choque. <\/p>\n<p>Rachid salva Jos\u00e9 Inoc\u00eancio e o deixa na porta de C\u00e2ndida, que acaba abrigando o homem em sua fazenda. In\u00e1cia sente um calafrio ao ver Jos\u00e9 Inoc\u00eancio. Firmino vai at\u00e9 a casa de Jacutinga. Jos\u00e9 Inoc\u00eancio recebe de In\u00e1cia um colar como guia de prote\u00e7\u00e3o. C\u00e2ndida decide ir embora e deixa sua fazenda para Jos\u00e9 Inoc\u00eancio. Passam-se tr\u00eas anos, e Jos\u00e9 Inoc\u00eancio est\u00e1 reabilitado do ferimento, com as terras de sua fazenda fortalecidas. Maria Santa observa os preparativos da festa do Boi Bumb\u00e1 pela fresta da janela do quarto j\u00e1 que Ven\u00e2ncio pro\u00edbe a filha de sair de casa.<\/p>\n<p>(*) edi\u00e7\u00e3o das novelas da Globo, &#8220;Renascer&#8221;, sujeito a altera\u00e7\u00e3o de data e conte\u00fado.<\/p>\n<p>Sinopse &#8220;Renascer&#8221;: Jos\u00e9 Inoc\u00eancio chegou na zona cacaueira de Ilh\u00e9us, na Bahia, e fincou um fac\u00e3o aos p\u00e9s de um frondoso jequitib\u00e1. Este gesto passa a ser o s\u00edmbolo de sua coragem e do sonho de se tornar eterno. Apaixona-se ap\u00f3s o boi-bumb\u00e1 passar por sua fazenda, casa-se com Maria Santa e torna-se pai de quatro filhos: Jos\u00e9 Augusto, Jos\u00e9 Bento, Jos\u00e9 Ven\u00e2ncio e Jo\u00e3o Pedro, o ca\u00e7ula, cujo nascimento \u00e9 acompanhado da morte da m\u00e3e, por complica\u00e7\u00f5es durante o parto.<\/p>\n<p>O fato faz com que Z\u00e9 Inoc\u00eancio desenvolva um relacionamento de \u00f3dio com o filho. Essa desaven\u00e7a \u00e9 que conduz todas as tramas da hist\u00f3ria. Elas se aceleram quando Inoc\u00eancio, j\u00e1 cinquent\u00e3o, conquista e casa-se com a namorada de Jo\u00e3o Pedro, a jovem Mariana. Esta \u00e9 neta do seu maior desafeto no passado, Belarmino, assassinado de forma misteriosa, com as suspeitas recaindo sobre o pr\u00f3prio Inoc\u00eancio. <\/p>\n","protected":false},"excerpt":{"rendered":"<p>Resumo da novela &#8220;Renascer&#8221; em 22\/01: no cap\u00edtulo 001(*) da novela, Jos\u00e9 Inoc\u00eancio caminha pelas terras na regi\u00e3o de Ilh\u00e9us at\u00e9 que e se depara com o Jequitib\u00e1. Ele decide cravar o seu fac\u00e3o aos p\u00e9s da \u00e1rvore, selando seu destino com aquele lugar. Firmino cobra de C\u00e2ndida as d\u00edvidas deixadas por seu marido. Jos\u00e9 [&hellip;]<\/p>\n","protected":false},"author":2,"featured_media":241527,"comment_status":"closed","ping_status":"closed","sticky":false,"template":"","format":"standard","meta":{"tdm_status":"","tdm_grid_status":"","footnotes":""},"categories":[379,375,2323,2025,343],"tags":[441],"class_list":{"0":"post-241533","1":"post","2":"type-post","3":"status-publish","4":"format-standard","5":"has-post-thumbnail","7":"category-novelas","8":"category-rede-globo","9":"category-renascer","10":"category-resumo","11":"category-televisao","12":"tag-resumo-do-dia"},"_links":{"self":[{"href":"https:\/\/migracao.redenoticia.com.br\/noticia\/wp-json\/wp\/v2\/posts\/241533","targetHints":{"allow":["GET"]}}],"collection":[{"href":"https:\/\/migracao.redenoticia.com.br\/noticia\/wp-json\/wp\/v2\/posts"}],"about":[{"href":"https:\/\/migracao.redenoticia.com.br\/noticia\/wp-json\/wp\/v2\/types\/post"}],"author":[{"embeddable":true,"href":"https:\/\/migracao.redenoticia.com.br\/noticia\/wp-json\/wp\/v2\/users\/2"}],"replies":[{"embeddable":true,"href":"https:\/\/migracao.redenoticia.com.br\/noticia\/wp-json\/wp\/v2\/comments?post=241533"}],"version-history":[{"count":0,"href":"https:\/\/migracao.redenoticia.com.br\/noticia\/wp-json\/wp\/v2\/posts\/241533\/revisions"}],"wp:featuredmedia":[{"embeddable":true,"href":"https:\/\/migracao.redenoticia.com.br\/noticia\/wp-json\/wp\/v2\/media\/241527"}],"wp:attachment":[{"href":"https:\/\/migracao.redenoticia.com.br\/noticia\/wp-json\/wp\/v2\/media?parent=241533"}],"wp:term":[{"taxonomy":"category","embeddable":true,"href":"https:\/\/migracao.redenoticia.com.br\/noticia\/wp-json\/wp\/v2\/categories?post=241533"},{"taxonomy":"post_tag","embeddable":true,"href":"https:\/\/migracao.redenoticia.com.br\/noticia\/wp-json\/wp\/v2\/tags?post=241533"}],"curies":[{"name":"wp","href":"https:\/\/api.w.org\/{rel}","templated":true}]}}