{"id":241549,"date":"2024-01-21T14:05:35","date_gmt":"2024-01-21T17:05:35","guid":{"rendered":"https:\/\/www.redenoticia.com.br\/noticia\/?p=241549"},"modified":"2024-01-21T14:05:35","modified_gmt":"2024-01-21T17:05:35","slug":"resumo-abismo-de-paixao-22-01-carmem-atira-em-augusto","status":"publish","type":"post","link":"https:\/\/migracao.redenoticia.com.br\/noticia\/2024\/resumo-abismo-de-paixao-22-01-carmem-atira-em-augusto\/241549","title":{"rendered":"Resumo \u201cAbismo de Paix\u00e3o\u201d 22\/01: Carmem atira em Augusto"},"content":{"rendered":"<p> <img loading=\"lazy\" decoding=\"async\" src=\"https:\/\/migracao.redenoticia.com.br\/noticia\/imagens\/abismo-de-paixao-novela-resumo.jpg\" alt=\"\" width=\"1280\" height=\"720\" class=\"aligncenter size-full wp-image-240071\" srcset=\"https:\/\/migracao.redenoticia.com.br\/noticia\/imagens\/abismo-de-paixao-novela-resumo.jpg 1280w, https:\/\/migracao.redenoticia.com.br\/noticia\/imagens\/abismo-de-paixao-novela-resumo-250x140.jpg 250w, https:\/\/migracao.redenoticia.com.br\/noticia\/imagens\/abismo-de-paixao-novela-resumo-400x225.jpg 400w, https:\/\/migracao.redenoticia.com.br\/noticia\/imagens\/abismo-de-paixao-novela-resumo-768x432.jpg 768w, https:\/\/migracao.redenoticia.com.br\/noticia\/imagens\/abismo-de-paixao-novela-resumo-150x85.jpg 150w\" sizes=\"auto, (max-width: 1280px) 100vw, 1280px\" \/> <\/p>\n<p><strong><em>Resumo da novela \u201cAbismo de Paix\u00e3o\u201d<\/em><\/strong> em 22\/01: no cap\u00edtulo 052(*) da novela, Na casa de Carmem, Ramiro a amea\u00e7a com uma arma, dizendo que Ingrid pediu que ele vigasse K\u00eania. Na cabana de Ramona, ela esclarece para Augusto que no dia do acidente em que Estef\u00e2nia e Rog\u00e9rio morreram, o carro estava vindo para o povoado, e n\u00e3o indo embora como todos pensam. Ramona diz a Augusto que quem ia fugir com Rog\u00e9rio era Carmem, e que Estef\u00e2nia tentava impedi-la. Carmem diz a Ramiro que ele s\u00f3 serve para estar na cama e para cumprir as ordens de Almerinda e Ingrid. Ramiro se zanga e aponta a arma para Carmem. Carmem o desafia a atirar. Na cabana de Ramona, ela diz a Augusto que Carmem j\u00e1 estava gr\u00e1vida quando se casou com ele. Sabrina comenta com Paulo que eles precisam se casar, pois ela est\u00e1 gr\u00e1vida. Ramiro exige que Carmem confesse que foi ela quem matou K\u00eania.<\/p>\n<p>Augusto se zanga com o m\u00e9dico por ele n\u00e3o ter dito antes que Carmem j\u00e1 estava gr\u00e1vida antes do casamento. Flor\u00eancia e Dami\u00e3o pedem ao Padre Lupe que os case. Padre Lupe pergunta a Elisa porque ela ainda n\u00e3o esclareceu com Dami\u00e3o que eles n\u00e3o s\u00e3o meio irm\u00e3os. Elisa responde que quando foi dizer, encontrou Dami\u00e3o na cama com Flor\u00eancia. Dami\u00e3o diz a sua m\u00e3e que foi pedir a seu tio para cas\u00e1-lo com Flor\u00eancia, e que o casamento ser\u00e1 na fazenda. Depois, eles ir\u00e3o viver na capital. Augusto se lembra de quando Ramiro o disse que o filho de Carmem n\u00e3o era seu. Sabrina tenta pressionar Paulo para que ele pe\u00e7a sua m\u00e3o, j\u00e1 que sua gravidez j\u00e1 come\u00e7a a ser notada. Ramiro entrega dinheiro a Ingrid e sugere que ela v\u00e1 viajar para relaxar um pouco, e tamb\u00e9m para tentar superar a morte de sua filha. Augusto exige a verdade de Ramiro. Ingrid diz a Ramiro que deseja ver Carmem morta, e j\u00e1 que ele n\u00e3o o fez, talvez Augusto fa\u00e7a. Augusto chega alterado e pergunta a Dolores por Elisa. Como ela n\u00e3o est\u00e1, Augusto manda busc\u00e1-la. Na cabana de Ramona, ela pergunta se Elisa j\u00e1 falou com seu pai, j\u00e1 que com a revela\u00e7\u00e3o que \u00e9 filha biol\u00f3gica de Augusto, sua vida mudar\u00e1 para sempre. <\/p>\n<p>Carmem comenta com Bet\u00e2nia que tem muitos problemas com Augusto, por culpa de Elisa, e pede que a amiga a deixe viver um tempo em sua casa. Padre Lupe diz a Ingrid que a \u00fanica culpada pela morte de K\u00eania \u00e9 ela mesma, que muitas vezes K\u00eania o disse que sofria muito ao lado da m\u00e3e, e que ela n\u00e3o era uma boa pessoa. Ingrid agradece Edmundo por seu apoio e ele a convida para jantar. No quarto de Augusto, ele fica de joelhos diante de uma foto de Estef\u00e2nia e Branca. Carmem chega e diz que apenas foi recolher seus pertences. Augusto, fora de si, a agride. Augusto diz a Carmem que j\u00e1 sabe de tudo, que ela era amante de Rog\u00e9rio, que o filho que esperava era dele, e que quem ia fugir com Rog\u00e9rio era ela. Ele amea\u00e7a leva-la na pra\u00e7a e gritar para todo o povoado a verdade. Carmem atira em Augusto. Hor\u00e1cio percebe o que ocorreu, e Carmem o amea\u00e7a, dizendo que dir\u00e1 a pol\u00edcia que foi ele quem disparou. Dami\u00e3o pede a Gael que seja padrinho de seu casamento, e o aconselha a terminar com Paloma e ser feliz ao lado de Elisa. Hor\u00e1cio diz a Carmem que est\u00e1 disposto a fazer qualquer coisa para n\u00e3o acabar atr\u00e1s das grades.<\/p>\n<p> Henrique pede a Edmundo que pro\u00edba Sabrina de ter uma rela\u00e7\u00e3o com Paulo. Henrique convida Paloma para ir ao cinema e ela aceita. Elisa anda pelo campo se lembrando da conversa que teve com seu pai. Dolores a chama e diz que Augusto precisa dela, pois chegou em casa muito alterado. Na pra\u00e7a, Vicente se aproxima de Sabrina, mas Paulo o coloca pra correr. Vicente sente se mal e Dolores e Elisa o ajudam. Paloma e Henrique correm para chamar Edmundo. Carmem chega \u00e0 casa de Flor\u00eancia e Edmundo se op\u00f5e a que ela fique ali. Henrique chega e pede ao pai que v\u00e1 ao centro, pois Vicente precisa de ajuda. Elisa chega a sua casa gritando por Augusto. Ela o encontra morto, abra\u00e7ado a uma arma. Dolores liga para Lucio e pede que ele ajude Elisa. Lucio telefona para Carmem na casa de Bet\u00e2nia para informar lhe do ocorrido, e pede que ela v\u00e1 imediatamente para a fazenda. Carmem chega com Bet\u00e2nia no momento em que est\u00e3o retirando o corpo de Augusto. <\/p>\n<p>Carmem, c\u00ednica, grita que o marido se suicidou com a arma que mantinha no escrit\u00f3rio. Elisa estranha o que a tia disse, e questiona como ela soube do ocorrido com Augusto se n\u00e3o estava em casa quando ele se matou. Carmem diz que se suspeitasse, jamais teria sa\u00eddo de casa. No hospital, Vicente pede para ver Ramiro e Br\u00e1ulio se retira zangado. Na processadora, Almerinda diz a Ramiro que Vicente est\u00e1 no hospital, e que precisa de um transplante de rim. Ele responde que isso n\u00e3o o interessa. Lucio informa Malu que Augusto est\u00e1 morto. Malu procura Dami\u00e3o para lhe informar do ocorrido. Almerinda recebe a not\u00edcia, e fica encarregada de informar o filho. Carmem diz a Lucio que n\u00e3o haver\u00e1 vel\u00f3rio, j\u00e1 que n\u00e3o quer prolongar o sofrimento dela e de sua sobrinha. Lucio responde que v\u00e3o enterrar Augusto junto a Estef\u00e2nia. Carmem grita que jamais permitir\u00e1, pois ele ser\u00e1 enterrado junto a seu filho.<\/p>\n<p>(*) edi\u00e7\u00e3o das novelas do SBT, \u201cAbismo de Paix\u00e3o\u201d, sujeito a altera\u00e7\u00e3o de data e conte\u00fado.<\/p>\n<p>Sinopse \u201cAbismo de Paix\u00e3o\u201d: Almerinda, temendo a reaproxima\u00e7\u00e3o de Dami\u00e3o e Elisa, come\u00e7a a pressionar seu filho pra que ele se case o mais r\u00e1pido poss\u00edvel e retorne \u00e0 It\u00e1lia. Dami\u00e3o termina seu noivado com Flor\u00eancia assim que percebe que est\u00e1 apaixonado por Elisa e os dois planejam se casar escondido de suas fam\u00edlias. Augusto descobre o romance clandestino dos dois e n\u00e3o est\u00e1 disposto a aceitar o filho do amante de sua esposa como seu genro. <\/p>\n<p>Ele amea\u00e7a Elisa de matar Dami\u00e3o caso eles continuem juntos e Elisa decide se sacrificar pela vida de seu amado e termina sua rela\u00e7\u00e3o; e para que Dami\u00e3o pare de insistir, se d\u00e1 uma oportunidade com Gael, que confessou que sempre esteve apaixonado por ela. Essa decis\u00e3o al\u00e9m de abalar a amizade entre Dami\u00e3o e Gael, tamb\u00e9m abala a amizade entre Paloma e Elisa, j\u00e1 que Paloma sempre esteve apaixonada por Gael. <\/p>\n","protected":false},"excerpt":{"rendered":"<p>Resumo da novela \u201cAbismo de Paix\u00e3o\u201d em 22\/01: no cap\u00edtulo 052(*) da novela, Na casa de Carmem, Ramiro a amea\u00e7a com uma arma, dizendo que Ingrid pediu que ele vigasse K\u00eania. Na cabana de Ramona, ela esclarece para Augusto que no dia do acidente em que Estef\u00e2nia e Rog\u00e9rio morreram, o carro estava vindo para [&hellip;]<\/p>\n","protected":false},"author":5,"featured_media":240070,"comment_status":"closed","ping_status":"closed","sticky":false,"template":"","format":"standard","meta":{"tdm_status":"","tdm_grid_status":"","footnotes":""},"categories":[2321,379,2025,372,343],"tags":[441],"class_list":{"0":"post-241549","1":"post","2":"type-post","3":"status-publish","4":"format-standard","5":"has-post-thumbnail","7":"category-abismo-de-paixao","8":"category-novelas","9":"category-resumo","10":"category-sbt","11":"category-televisao","12":"tag-resumo-do-dia"},"_links":{"self":[{"href":"https:\/\/migracao.redenoticia.com.br\/noticia\/wp-json\/wp\/v2\/posts\/241549","targetHints":{"allow":["GET"]}}],"collection":[{"href":"https:\/\/migracao.redenoticia.com.br\/noticia\/wp-json\/wp\/v2\/posts"}],"about":[{"href":"https:\/\/migracao.redenoticia.com.br\/noticia\/wp-json\/wp\/v2\/types\/post"}],"author":[{"embeddable":true,"href":"https:\/\/migracao.redenoticia.com.br\/noticia\/wp-json\/wp\/v2\/users\/5"}],"replies":[{"embeddable":true,"href":"https:\/\/migracao.redenoticia.com.br\/noticia\/wp-json\/wp\/v2\/comments?post=241549"}],"version-history":[{"count":0,"href":"https:\/\/migracao.redenoticia.com.br\/noticia\/wp-json\/wp\/v2\/posts\/241549\/revisions"}],"wp:featuredmedia":[{"embeddable":true,"href":"https:\/\/migracao.redenoticia.com.br\/noticia\/wp-json\/wp\/v2\/media\/240070"}],"wp:attachment":[{"href":"https:\/\/migracao.redenoticia.com.br\/noticia\/wp-json\/wp\/v2\/media?parent=241549"}],"wp:term":[{"taxonomy":"category","embeddable":true,"href":"https:\/\/migracao.redenoticia.com.br\/noticia\/wp-json\/wp\/v2\/categories?post=241549"},{"taxonomy":"post_tag","embeddable":true,"href":"https:\/\/migracao.redenoticia.com.br\/noticia\/wp-json\/wp\/v2\/tags?post=241549"}],"curies":[{"name":"wp","href":"https:\/\/api.w.org\/{rel}","templated":true}]}}