{"id":241632,"date":"2024-01-24T14:22:42","date_gmt":"2024-01-24T17:22:42","guid":{"rendered":"https:\/\/www.redenoticia.com.br\/noticia\/?p=241632"},"modified":"2024-01-24T14:22:42","modified_gmt":"2024-01-24T17:22:42","slug":"resumo-paraiso-tropical-25-01-romeu-ameaca-entregar-provas-para-daniel","status":"publish","type":"post","link":"https:\/\/migracao.redenoticia.com.br\/noticia\/2024\/resumo-paraiso-tropical-25-01-romeu-ameaca-entregar-provas-para-daniel\/241632","title":{"rendered":"Resumo &#8220;Para\u00edso Tropical&#8221; 25\/01: Romeu amea\u00e7a entregar provas para Daniel"},"content":{"rendered":"<p> <img loading=\"lazy\" decoding=\"async\" src=\"https:\/\/migracao.redenoticia.com.br\/noticia\/imagens\/paraiso-tropical-resumo-elenco.jpg\" alt=\"\" width=\"1280\" height=\"720\" class=\"aligncenter size-full wp-image-240065\" srcset=\"https:\/\/migracao.redenoticia.com.br\/noticia\/imagens\/paraiso-tropical-resumo-elenco.jpg 1280w, https:\/\/migracao.redenoticia.com.br\/noticia\/imagens\/paraiso-tropical-resumo-elenco-250x140.jpg 250w, https:\/\/migracao.redenoticia.com.br\/noticia\/imagens\/paraiso-tropical-resumo-elenco-400x225.jpg 400w, https:\/\/migracao.redenoticia.com.br\/noticia\/imagens\/paraiso-tropical-resumo-elenco-768x432.jpg 768w, https:\/\/migracao.redenoticia.com.br\/noticia\/imagens\/paraiso-tropical-resumo-elenco-150x85.jpg 150w\" sizes=\"auto, (max-width: 1280px) 100vw, 1280px\" \/> <\/p>\n<p><em><strong>Resumo da novela &#8220;Para\u00edso Tropical&#8221;<\/strong><\/em> em 25\/01: no cap\u00edtulo 044(*) da novela, Camila diz a Mateus que seu namoro com Fred tem a ver com a situa\u00e7\u00e3o do pai. Ana Lu\u00edsa comenta com seu terapeuta que teme estar com Lucas para se vingar de Antenor. Olavo d\u00e1 as piores refer\u00eancias sobre Ivan para Fabr\u00edcio. C\u00e1ssio se cansa das arma\u00e7\u00f5es de Ta\u00eds e briga com ela. Lucas tem um rompante de f\u00faria contra Antenor e fala para Ana Lu\u00edsa que Fabiana foi parar no hospital. Ana Lu\u00edsa permanece calma. Ivan se frustra quando Fabr\u00edcio diz que ele n\u00e3o far\u00e1 a campanha. Fabiana se surpreende quando Ana Lu\u00edsa bate em sua porta. L\u00facia chega ao Rio. Mateus corre atr\u00e1s da bola e \u00e9 atropelado. C\u00e1ssio fica transtornado ao v\u00ea-lo inconsciente.  <\/p>\n<p>Dinor\u00e1 se preocupa por Solano ter receitado rem\u00e9dio para Iracema sem examin\u00e1-la. C\u00e1ssio vai com Mateus para o hospital. Ana Lu\u00edsa aconselha Fabiana a n\u00e3o destruir a pr\u00f3pria vida por causa de Antenor. Ta\u00eds vai embora da casa de C\u00e1ssio. Isidoro avisa L\u00facia do acidente. Paula e Daniel passeiam em Paraty. L\u00facia, ressentida, evita olhar para C\u00e1ssio. Dinor\u00e1 e Gustavo descobrem que o registro de Solano \u00e9 falso. Iracema decide dar queixa. Mateus garante a L\u00facia que est\u00e1 bem e assume a culpa pelo atropelamento. <\/p>\n<p>L\u00facia pede desculpas a C\u00e1ssio. Sheila conta para Ivan o que Olavo fez. Olavo expulsa o irm\u00e3o de sua sala no momento em que ele resolve tomar satisfa\u00e7\u00f5es. Ana Lu\u00edsa pede que Lucas n\u00e3o comente nada com Daniel sobre a rela\u00e7\u00e3o dos dois. Marion consegue que Ana Lu\u00edsa lhe fa\u00e7a confid\u00eancias. Solano pega Dinor\u00e1 como ref\u00e9m quando a pol\u00edcia chega para prend\u00ea-lo. Romeu se chateia porque Olavo lhe faz outra proposta. Ta\u00eds vai morar com Marion. A pol\u00edcia cerca o Copamar. Dinor\u00e1 se apavora com a rudeza de Solano. Romeu amea\u00e7a entregar provas para Daniel, se Olavo n\u00e3o cumprir sua palavra. C\u00e1ssio pede a L\u00facia para Mateus passar a noite em sua casa.<\/p>\n<p>Mateus insiste que deseja ir para a casa de C\u00e1ssio. L\u00facia nega. C\u00e1ssio concorda quando Mateus sugere que L\u00facia v\u00e1 junto. Romeu exige a chefia prometida. Olavo manda J\u00e1der procurar as provas no quarto de Romeu. Muita confus\u00e3o em volta do Copamar. Solano surge na sacada amea\u00e7ando Dinor\u00e1. J\u00e1der avisa Olavo que est\u00e1 com o pen drive. Olavo diz a Romeu que n\u00e3o tem acordo e manda J\u00e1der cuidar dele. Dinor\u00e1 joga \u00e1gua fervente em Solano, que acaba preso. Ta\u00eds diz que n\u00e3o revelou o paradeiro de Paula a Daniel por que ela pediu. Cl\u00e1udio se preocupa por Marion seguir os passos de Ana Lu\u00edsa. Marion comenta que Ana Lu\u00edsa se encontra com Lucas no apartamento de Daniel. <\/p>\n<p>L\u00facia e C\u00e1ssio reprimem a atra\u00e7\u00e3o que sentem. J\u00e1der avisa Olavo que Romeu j\u00e1 saiu do pa\u00eds. Olavo queima as provas. Umberto sugere ficar o m\u00eas na casa e Tiago concorda. Rodrigo n\u00e3o gosta muito da id\u00e9ia. L\u00facia cuida de Mateus a noite toda. C\u00e1ssio se preocupa por ele estar com febre. Daniel recebe um envelope de Romeu com as provas contra Olavo. Olavo enfrenta Daniel e diz que dispensou o \u00f4nibus dos funcion\u00e1rios por uma medida de economia. Antenor quer saber o motivo da briga dos dois.<\/p>\n<p>(*) edi\u00e7\u00e3o das novelas da Globo, &#8220;Para\u00edso Tropical&#8221;, sujeito a altera\u00e7\u00e3o de data e conte\u00fado.<\/p>\n<p>Sinopse &#8220;Para\u00edso Tropical&#8221;: Olavo manda Bebel se encontrar com Paula no aeroporto, fingindo estar indo para a Amaz\u00f4nia trabalhar como recepcionista em um hotel em Manaus. Paula recebe uma liga\u00e7\u00e3o de Daniel, que a ofende por ser a filha de Am\u00e9lia, mas isso n\u00e3o passa de outra armadilha do plano de Olavo, que grampeou o celular de Daniel e editou trechos para formular a ofensa. Decepcionada, Paula decide embarcar para a Amaz\u00f4nia. <\/p>\n<p>Daniel volta para o Rio de Janeiro sem nunca ter entendido o sumi\u00e7o repentino de Paula, que tamb\u00e9m vai ao Rio em busca do seu passado e do seu av\u00f4 biol\u00f3gico. Nas ruas da cidade, Daniel encontra Paula por acaso e ela o trata de maneira r\u00edspida e grosseira. Entretanto, a mo\u00e7a trata-se de Ta\u00eds, mulher sensual, inteligente e ego\u00edsta, irm\u00e3 g\u00eamea de Paula.<\/p>\n","protected":false},"excerpt":{"rendered":"<p>Resumo da novela &#8220;Para\u00edso Tropical&#8221; em 25\/01: no cap\u00edtulo 044(*) da novela, Camila diz a Mateus que seu namoro com Fred tem a ver com a situa\u00e7\u00e3o do pai. Ana Lu\u00edsa comenta com seu terapeuta que teme estar com Lucas para se vingar de Antenor. Olavo d\u00e1 as piores refer\u00eancias sobre Ivan para Fabr\u00edcio. C\u00e1ssio [&hellip;]<\/p>\n","protected":false},"author":5,"featured_media":240064,"comment_status":"closed","ping_status":"closed","sticky":false,"template":"","format":"standard","meta":{"tdm_status":"","tdm_grid_status":"","footnotes":""},"categories":[379,2322,375,2025,343],"tags":[441],"class_list":{"0":"post-241632","1":"post","2":"type-post","3":"status-publish","4":"format-standard","5":"has-post-thumbnail","7":"category-novelas","8":"category-paraiso-tropical","9":"category-rede-globo","10":"category-resumo","11":"category-televisao","12":"tag-resumo-do-dia"},"_links":{"self":[{"href":"https:\/\/migracao.redenoticia.com.br\/noticia\/wp-json\/wp\/v2\/posts\/241632","targetHints":{"allow":["GET"]}}],"collection":[{"href":"https:\/\/migracao.redenoticia.com.br\/noticia\/wp-json\/wp\/v2\/posts"}],"about":[{"href":"https:\/\/migracao.redenoticia.com.br\/noticia\/wp-json\/wp\/v2\/types\/post"}],"author":[{"embeddable":true,"href":"https:\/\/migracao.redenoticia.com.br\/noticia\/wp-json\/wp\/v2\/users\/5"}],"replies":[{"embeddable":true,"href":"https:\/\/migracao.redenoticia.com.br\/noticia\/wp-json\/wp\/v2\/comments?post=241632"}],"version-history":[{"count":0,"href":"https:\/\/migracao.redenoticia.com.br\/noticia\/wp-json\/wp\/v2\/posts\/241632\/revisions"}],"wp:featuredmedia":[{"embeddable":true,"href":"https:\/\/migracao.redenoticia.com.br\/noticia\/wp-json\/wp\/v2\/media\/240064"}],"wp:attachment":[{"href":"https:\/\/migracao.redenoticia.com.br\/noticia\/wp-json\/wp\/v2\/media?parent=241632"}],"wp:term":[{"taxonomy":"category","embeddable":true,"href":"https:\/\/migracao.redenoticia.com.br\/noticia\/wp-json\/wp\/v2\/categories?post=241632"},{"taxonomy":"post_tag","embeddable":true,"href":"https:\/\/migracao.redenoticia.com.br\/noticia\/wp-json\/wp\/v2\/tags?post=241632"}],"curies":[{"name":"wp","href":"https:\/\/api.w.org\/{rel}","templated":true}]}}