{"id":2418,"date":"2009-06-13T13:58:52","date_gmt":"2009-06-13T17:58:52","guid":{"rendered":"http:\/\/www.redenoticia.com.br\/noticia\/?p=2418"},"modified":"2009-06-13T19:47:46","modified_gmt":"2009-06-13T23:47:46","slug":"ji-parana-organiza-o-iii-reuniao-cientifica-de-fisioterapia","status":"publish","type":"post","link":"https:\/\/migracao.redenoticia.com.br\/noticia\/2009\/ji-parana-organiza-o-iii-reuniao-cientifica-de-fisioterapia\/2418","title":{"rendered":"Ji-Paran\u00e1 organiza o III Reuni\u00e3o Cient\u00edfica de Fisioterapia"},"content":{"rendered":"<p class=\"MsoNormal\" style=\"background: #9dd8e5 none repeat scroll 0%; line-height: 15.6pt;\"><span style=\"font-size: 11pt; font-family: Arial; display: none;\"> <\/span><\/p>\n<p class=\"MsoNormal\" style=\"margin-bottom: 3.75pt; line-height: 15.6pt;\"><span style=\"font-size: 11pt; font-family: Arial;\"><a href=\"https:\/\/migracao.redenoticia.com.br\/noticia\/imagens\/\/fisio.jpg\"><img loading=\"lazy\" decoding=\"async\" class=\"alignleft size-full wp-image-2419\" title=\"fisio\" src=\"https:\/\/migracao.redenoticia.com.br\/noticia\/imagens\/\/fisio.jpg\" alt=\"fisio\" width=\"150\" height=\"113\" \/><\/a>Segundo o coordenador do curso de Fisioterapia do CEULJI\/ULBRA, professor Elisandro Rosa Pereira, o objetivo da reuni\u00e3o \u00e9 propiciar ao corpo docente e discente, bem como a outros pesquisadores da regi\u00e3o, condi\u00e7\u00f5es para a apresenta\u00e7\u00e3o de seus trabalhos cient\u00edficos. \u201cQueremos promover a motiva\u00e7\u00e3o necess\u00e1ria ao trabalho de pesquisa e o apoio ao surgimento de novos pesquisadores em Rond\u00f4nia \u201d, destacou o professor.<br \/>\nA III Reuni\u00e3o Cient\u00edfica de Fisioterapia de Rond\u00f4nia ser\u00e1 realizada no dia 19 de junho, \u00e0s 14 horas, nos miniaudit\u00f3rios C-1 e C-2 do Centro Universit\u00e1rio Luterano de Ji-Paran\u00e1 (CEULJI\/ULBRA). <\/span><\/p>\n<p class=\"MsoNormal\" style=\"margin-bottom: 3.75pt; line-height: 15.6pt;\"><span style=\"font-size: 11pt; font-family: Arial;\">A Comiss\u00e3o Organizadora \u00e9 formada pelo Professor Marcelo Cust\u00f3dio Rubira (Coordenador do Curso de Fisioterapia da Faculdade S\u00e3o Lucas), Professor Elisandro Rosa Pereira (Coordenador do Curso da CEULJI\/ULBRA), Professor Fabr\u00edcio Almeida Barbosa (Coordenador do Curso da Facimed) e o professor do CEULJI\/ULBRA, Fernando S\u00e9rgio Silva Barbosa.<br \/>\n<span> <\/span>O valor da inscri\u00e7\u00e3o \u00e9 R$ 20,00 (vinte reais). Poder\u00e3o participar do congresso todos os professores e alunos do CEULJI\/ULBRA, assim como professores pesquisadores de outras institui\u00e7\u00f5es.<br \/>\nOs trabalhos dever\u00e3o ser inscritos at\u00e9 o dia 17 de junho. <\/span><\/p>\n<p class=\"MsoNormal\" style=\"line-height: 15.6pt;\"><span style=\"font-size: 11pt; font-family: Arial;\">Escrito por Alexandre Almeida <\/span><\/p>\n","protected":false},"excerpt":{"rendered":"<p>Segundo o coordenador do curso de Fisioterapia do CEULJI\/ULBRA, professor Elisandro Rosa Pereira, o objetivo da reuni\u00e3o \u00e9 propiciar ao corpo docente e discente, bem como a outros pesquisadores da regi\u00e3o, condi\u00e7\u00f5es para a apresenta\u00e7\u00e3o de seus trabalhos cient\u00edficos. \u201cQueremos promover a motiva\u00e7\u00e3o necess\u00e1ria ao trabalho de pesquisa e o apoio ao surgimento de novos [&hellip;]<\/p>\n","protected":false},"author":3,"featured_media":0,"comment_status":"open","ping_status":"open","sticky":false,"template":"","format":"standard","meta":{"tdm_status":"","tdm_grid_status":"","footnotes":""},"categories":[5],"tags":[],"class_list":{"0":"post-2418","1":"post","2":"type-post","3":"status-publish","4":"format-standard","6":"category-saude-e-vida"},"_links":{"self":[{"href":"https:\/\/migracao.redenoticia.com.br\/noticia\/wp-json\/wp\/v2\/posts\/2418","targetHints":{"allow":["GET"]}}],"collection":[{"href":"https:\/\/migracao.redenoticia.com.br\/noticia\/wp-json\/wp\/v2\/posts"}],"about":[{"href":"https:\/\/migracao.redenoticia.com.br\/noticia\/wp-json\/wp\/v2\/types\/post"}],"author":[{"embeddable":true,"href":"https:\/\/migracao.redenoticia.com.br\/noticia\/wp-json\/wp\/v2\/users\/3"}],"replies":[{"embeddable":true,"href":"https:\/\/migracao.redenoticia.com.br\/noticia\/wp-json\/wp\/v2\/comments?post=2418"}],"version-history":[{"count":0,"href":"https:\/\/migracao.redenoticia.com.br\/noticia\/wp-json\/wp\/v2\/posts\/2418\/revisions"}],"wp:attachment":[{"href":"https:\/\/migracao.redenoticia.com.br\/noticia\/wp-json\/wp\/v2\/media?parent=2418"}],"wp:term":[{"taxonomy":"category","embeddable":true,"href":"https:\/\/migracao.redenoticia.com.br\/noticia\/wp-json\/wp\/v2\/categories?post=2418"},{"taxonomy":"post_tag","embeddable":true,"href":"https:\/\/migracao.redenoticia.com.br\/noticia\/wp-json\/wp\/v2\/tags?post=2418"}],"curies":[{"name":"wp","href":"https:\/\/api.w.org\/{rel}","templated":true}]}}