{"id":241897,"date":"2024-02-03T18:05:19","date_gmt":"2024-02-03T21:05:19","guid":{"rendered":"https:\/\/www.redenoticia.com.br\/noticia\/?p=241897"},"modified":"2024-02-03T18:05:19","modified_gmt":"2024-02-03T21:05:19","slug":"resumo-renascer-05-02-joao-pedro-conhece-mariana","status":"publish","type":"post","link":"https:\/\/migracao.redenoticia.com.br\/noticia\/2024\/resumo-renascer-05-02-joao-pedro-conhece-mariana\/241897","title":{"rendered":"Resumo &#8220;Renascer&#8221; 05\/02: Jo\u00e3o Pedro conhece Mariana"},"content":{"rendered":"<p> <img loading=\"lazy\" decoding=\"async\" src=\"https:\/\/migracao.redenoticia.com.br\/noticia\/imagens\/renascer-elenco-resumo.jpg\" alt=\"\" width=\"1280\" height=\"720\" class=\"aligncenter size-full wp-image-241526\" srcset=\"https:\/\/migracao.redenoticia.com.br\/noticia\/imagens\/renascer-elenco-resumo.jpg 1280w, https:\/\/migracao.redenoticia.com.br\/noticia\/imagens\/renascer-elenco-resumo-250x140.jpg 250w, https:\/\/migracao.redenoticia.com.br\/noticia\/imagens\/renascer-elenco-resumo-400x225.jpg 400w, https:\/\/migracao.redenoticia.com.br\/noticia\/imagens\/renascer-elenco-resumo-768x432.jpg 768w, https:\/\/migracao.redenoticia.com.br\/noticia\/imagens\/renascer-elenco-resumo-150x85.jpg 150w\" sizes=\"auto, (max-width: 1280px) 100vw, 1280px\" \/><\/p>\n<p><strong><em>Resumo da novela &#8220;Renascer&#8221;<\/em><\/strong> em 05\/02: no cap\u00edtulo 013(*) da novela, Jos\u00e9 Inoc\u00eancio pede a Jo\u00e3o Pedro que n\u00e3o conte a ningu\u00e9m sobre o fac\u00e3o enterrado aos p\u00e9s do Jequitib\u00e1. Jo\u00e3o Pedro decide morar com Jos\u00e9 Inoc\u00eancio. Morena d\u00e1 a Jo\u00e3o Pedro a medalha de Nossa Senhora que era de Maria Santa. H\u00e1 uma passagem de tempo e a hist\u00f3ria agora se passa nos dias atuais. Jo\u00e3o Pedro leva as sacas de cacau da fazenda Jequitib\u00e1 Rei para Ilh\u00e9us ao lado de Zinha. Jos\u00e9 Inoc\u00eancio reclama dos filhos com Deocleciano. <\/p>\n<p>Jo\u00e3o Pedro se encanta ao conhecer Mariana na casa de Jacutinga. Jos\u00e9 Inoc\u00eancio diz a Jo\u00e3o Pedro que n\u00e3o faz neg\u00f3cio com Eg\u00eddio. Mariana descobre que Jo\u00e3o Pedro \u00e9 filho de Jos\u00e9 Inoc\u00eancio. Jo\u00e3o Pedro oferece emprego para Mariana na fazenda. Jacutinga demonstra n\u00e3o confiar em Mariana. Jos\u00e9 Inoc\u00eancio repreende Jo\u00e3o Pedro por ter levado Mariana \u00e0 fazenda sem a sua permiss\u00e3o.<\/p>\n<p>(*) edi\u00e7\u00e3o das novelas da Globo, &#8220;Renascer&#8221;, sujeito a altera\u00e7\u00e3o de data e conte\u00fado.<\/p>\n<p>Sinopse &#8220;Renascer&#8221;: Jos\u00e9 Inoc\u00eancio chegou na zona cacaueira de Ilh\u00e9us, na Bahia, e fincou um fac\u00e3o aos p\u00e9s de um frondoso jequitib\u00e1. Este gesto passa a ser o s\u00edmbolo de sua coragem e do sonho de se tornar eterno. Apaixona-se ap\u00f3s o boi-bumb\u00e1 passar por sua fazenda, casa-se com Maria Santa e torna-se pai de quatro filhos: Jos\u00e9 Augusto, Jos\u00e9 Bento, Jos\u00e9 Ven\u00e2ncio e Jo\u00e3o Pedro, o ca\u00e7ula, cujo nascimento \u00e9 acompanhado da morte da m\u00e3e, por complica\u00e7\u00f5es durante o parto.<\/p>\n<p>O fato faz com que Z\u00e9 Inoc\u00eancio desenvolva um relacionamento de \u00f3dio com o filho. Essa desaven\u00e7a \u00e9 que conduz todas as tramas da hist\u00f3ria. Elas se aceleram quando Inoc\u00eancio, j\u00e1 cinquent\u00e3o, conquista e casa-se com a namorada de Jo\u00e3o Pedro, a jovem Mariana. Esta \u00e9 neta do seu maior desafeto no passado, Belarmino, assassinado de forma misteriosa, com as suspeitas recaindo sobre o pr\u00f3prio Inoc\u00eancio. <\/p>\n","protected":false},"excerpt":{"rendered":"<p>Resumo da novela &#8220;Renascer&#8221; em 05\/02: no cap\u00edtulo 013(*) da novela, Jos\u00e9 Inoc\u00eancio pede a Jo\u00e3o Pedro que n\u00e3o conte a ningu\u00e9m sobre o fac\u00e3o enterrado aos p\u00e9s do Jequitib\u00e1. Jo\u00e3o Pedro decide morar com Jos\u00e9 Inoc\u00eancio. Morena d\u00e1 a Jo\u00e3o Pedro a medalha de Nossa Senhora que era de Maria Santa. H\u00e1 uma passagem [&hellip;]<\/p>\n","protected":false},"author":4,"featured_media":241527,"comment_status":"closed","ping_status":"closed","sticky":false,"template":"","format":"standard","meta":{"tdm_status":"","tdm_grid_status":"","footnotes":""},"categories":[379,375,2323,2025,343],"tags":[441],"class_list":{"0":"post-241897","1":"post","2":"type-post","3":"status-publish","4":"format-standard","5":"has-post-thumbnail","7":"category-novelas","8":"category-rede-globo","9":"category-renascer","10":"category-resumo","11":"category-televisao","12":"tag-resumo-do-dia"},"_links":{"self":[{"href":"https:\/\/migracao.redenoticia.com.br\/noticia\/wp-json\/wp\/v2\/posts\/241897","targetHints":{"allow":["GET"]}}],"collection":[{"href":"https:\/\/migracao.redenoticia.com.br\/noticia\/wp-json\/wp\/v2\/posts"}],"about":[{"href":"https:\/\/migracao.redenoticia.com.br\/noticia\/wp-json\/wp\/v2\/types\/post"}],"author":[{"embeddable":true,"href":"https:\/\/migracao.redenoticia.com.br\/noticia\/wp-json\/wp\/v2\/users\/4"}],"replies":[{"embeddable":true,"href":"https:\/\/migracao.redenoticia.com.br\/noticia\/wp-json\/wp\/v2\/comments?post=241897"}],"version-history":[{"count":0,"href":"https:\/\/migracao.redenoticia.com.br\/noticia\/wp-json\/wp\/v2\/posts\/241897\/revisions"}],"wp:featuredmedia":[{"embeddable":true,"href":"https:\/\/migracao.redenoticia.com.br\/noticia\/wp-json\/wp\/v2\/media\/241527"}],"wp:attachment":[{"href":"https:\/\/migracao.redenoticia.com.br\/noticia\/wp-json\/wp\/v2\/media?parent=241897"}],"wp:term":[{"taxonomy":"category","embeddable":true,"href":"https:\/\/migracao.redenoticia.com.br\/noticia\/wp-json\/wp\/v2\/categories?post=241897"},{"taxonomy":"post_tag","embeddable":true,"href":"https:\/\/migracao.redenoticia.com.br\/noticia\/wp-json\/wp\/v2\/tags?post=241897"}],"curies":[{"name":"wp","href":"https:\/\/api.w.org\/{rel}","templated":true}]}}