{"id":241898,"date":"2024-02-03T17:56:28","date_gmt":"2024-02-03T20:56:28","guid":{"rendered":"https:\/\/www.redenoticia.com.br\/noticia\/?p=241898"},"modified":"2024-02-03T17:56:28","modified_gmt":"2024-02-03T20:56:28","slug":"resumo-abismo-de-paixao-05-02-ramiro-informa-ingrid-que-fez-um-trato-com-carmem","status":"publish","type":"post","link":"https:\/\/migracao.redenoticia.com.br\/noticia\/2024\/resumo-abismo-de-paixao-05-02-ramiro-informa-ingrid-que-fez-um-trato-com-carmem\/241898","title":{"rendered":"Resumo \u201cAbismo de Paix\u00e3o\u201d 05\/02: Ramiro informa Ingrid que fez um trato com Carmem"},"content":{"rendered":"<p> <img loading=\"lazy\" decoding=\"async\" src=\"https:\/\/migracao.redenoticia.com.br\/noticia\/imagens\/abismo-de-paixao-novela-resumo.jpg\" alt=\"\" width=\"1280\" height=\"720\" class=\"aligncenter size-full wp-image-240071\" srcset=\"https:\/\/migracao.redenoticia.com.br\/noticia\/imagens\/abismo-de-paixao-novela-resumo.jpg 1280w, https:\/\/migracao.redenoticia.com.br\/noticia\/imagens\/abismo-de-paixao-novela-resumo-250x140.jpg 250w, https:\/\/migracao.redenoticia.com.br\/noticia\/imagens\/abismo-de-paixao-novela-resumo-400x225.jpg 400w, https:\/\/migracao.redenoticia.com.br\/noticia\/imagens\/abismo-de-paixao-novela-resumo-768x432.jpg 768w, https:\/\/migracao.redenoticia.com.br\/noticia\/imagens\/abismo-de-paixao-novela-resumo-150x85.jpg 150w\" sizes=\"auto, (max-width: 1280px) 100vw, 1280px\" \/> <\/p>\n<p><strong><em>Resumo da novela \u201cAbismo de Paix\u00e3o\u201d<\/em><\/strong> em 05\/02: no cap\u00edtulo 062(*) da novela, Paloma diz a Elisa que elas j\u00e1 n\u00e3o ser\u00e3o mais amigas como antes e que ainda assim deseja que ela seja feliz ao lado de Gael. Vicente leva Sabrina at\u00e9 a fazenda que Ramiro comprou, diz que ele \u00e9 seu pai e que viver\u00e3o al\u00ed juntos. Sabrina se surpreende e pede para buscar Paulo na fazenda Arango. Ramiro procura Carmem na fazenda para entreguar lhe um cheque, conforme havia combinado com Augusto, mas Carmem se nega a receber, j\u00e1 que considera pouca a quantia. Elisa e Gael planejam se casar em seis meses. Gael visita Lucio em sua casa para agradecer por ter convencido Padre Lupe a dar lhe sua ben\u00e7\u00e3o quanto ao casamento com Elisa. Carmem procura Lucio para que ele a ajude com que Ramiro pague o que realmente vale a propiedade \u201cC\u00e9u Aberto\u201d, pois Ramiro quer pagar uma mis\u00e9ria por estas terras. Edmundo procura Sabrina na fazenda Arango e reclama com Paulo, por ter engravidado sua filha, e o alerta que, caso Sabrina n\u00e3o apare\u00e7a, o matar\u00e1. Paulo aconselha Flor\u00eancia a fingir um aborto. <\/p>\n<p>Guido diz a Edmundo que conta com seu apoio e Dami\u00e3o se compromete a encontrar Sabrina. Bet\u00e2nia discute com Henrique, j\u00e1 que pensa que Ramona e Paloma roubaram roupas de Sabrina. Edmundo liga para Bet\u00e2nia e diz que Sabrina desapareceu e que escondia uma gravidez de Paulo. Gael leva Elisa at\u00e9 a planta\u00e7\u00e3o para mostrar que as pimentas cresceram. Elisa se emociona e Gael a entrega os pap\u00e9is do invent\u00e1rio, eles se abra\u00e7am e fazem planos para o futuro. Na fazenda de Ramiro, Sabrina se sente mal e pede a Vicente que chame seu pai, pois seu ventre d\u00f3i muito. Na fazenda Arango, Henrique se aproxima de Flor\u00eancia e a beija e diz que jamais a amar\u00e3o como ele a ama.<\/p>\n<p>Todos seguem preocupados procurando por Sabrina. Ramiro e Almerinda discutem e ela afirma que fechar\u00e1 todas as portas, de todas as processadoras, para que nenhuma compre sua produ\u00e7\u00e3o. Carmem procura Ramiro para propor que quiemem o contrato de compra e venda de \u201cC\u00e9u Aberto\u201d e como pr\u00eamio, ela ser\u00e1 dele, al\u00e9m de dividir a fortuna, Ramiro aceita. Na igreja, Gael comenta com Padre Lupe que planeja casar se no \u00faltimo s\u00e1bado antes de que ele parta do povoado, Lupe responde que j\u00e1 casar\u00e1 Dami\u00e3o nesta data e que eles mudem o dia. Gael se nega a mudar, dizendo que seu casamento \u00e9 t\u00e3o importante quanto o de Dami\u00e3o. Na fazenda de Ramiro, Sabrina fica muito mal e Vicente, assustado, a leva ao posto de sa\u00fade. No posto avisam Edmundo que compare\u00e7a imediatamente ao posto, pois sua filha acaba de chegar. <\/p>\n<p>Ramona suspeita que Paloma esteja gr\u00e1vida, mas prefere n\u00e3o dizer sobre sua suspeita. Gael pede a Paloma que n\u00e3o diga nada a Elisa do que ocorreu entre eles, Paloma promete que n\u00e3o dir\u00e1 nada. Edmundo discute com Bet\u00e2nia por Sabrina, j\u00e1 que ela ficou mal em consequ\u00eancia dos ch\u00e1s que obrigava a filha a tomar. L\u00facio tranquiliza Elisa, dizendo que as contas que Augusto deixou no banco s\u00e3o o suficiente para solucionar todos os seus problemas. Carmem visita Ramiro para pedir que ele quebre o compromisso de contrato de venda que assinou Augusto, pois a quantia a ser paga \u00e9 muito pouca, e em troca, ela ser\u00e1 sua mulher, Ramiro aceita. Ingrid fica furiosa, pois Ramiro n\u00e3o d\u00e1 not\u00edcias. Ramiro chega e comenta com Ingrid que fez um trato com Carmem e que ir\u00e3o repartir em 50% a 50% a renda de \u201cC\u00e9u Aberto\u201d. Gael convida Br\u00e1ulio e L\u00facio para trabalhar com Elisa, e eles aceitam.<\/p>\n<p>(*) edi\u00e7\u00e3o das novelas do SBT, \u201cAbismo de Paix\u00e3o\u201d, sujeito a altera\u00e7\u00e3o de data e conte\u00fado.<\/p>\n<p>Sinopse \u201cAbismo de Paix\u00e3o\u201d: Almerinda, temendo a reaproxima\u00e7\u00e3o de Dami\u00e3o e Elisa, come\u00e7a a pressionar seu filho pra que ele se case o mais r\u00e1pido poss\u00edvel e retorne \u00e0 It\u00e1lia. Dami\u00e3o termina seu noivado com Flor\u00eancia assim que percebe que est\u00e1 apaixonado por Elisa e os dois planejam se casar escondido de suas fam\u00edlias. Augusto descobre o romance clandestino dos dois e n\u00e3o est\u00e1 disposto a aceitar o filho do amante de sua esposa como seu genro. <\/p>\n<p>Ele amea\u00e7a Elisa de matar Dami\u00e3o caso eles continuem juntos e Elisa decide se sacrificar pela vida de seu amado e termina sua rela\u00e7\u00e3o; e para que Dami\u00e3o pare de insistir, se d\u00e1 uma oportunidade com Gael, que confessou que sempre esteve apaixonado por ela. Essa decis\u00e3o al\u00e9m de abalar a amizade entre Dami\u00e3o e Gael, tamb\u00e9m abala a amizade entre Paloma e Elisa, j\u00e1 que Paloma sempre esteve apaixonada por Gael.<\/p>\n","protected":false},"excerpt":{"rendered":"<p>Resumo da novela \u201cAbismo de Paix\u00e3o\u201d em 05\/02: no cap\u00edtulo 062(*) da novela, Paloma diz a Elisa que elas j\u00e1 n\u00e3o ser\u00e3o mais amigas como antes e que ainda assim deseja que ela seja feliz ao lado de Gael. Vicente leva Sabrina at\u00e9 a fazenda que Ramiro comprou, diz que ele \u00e9 seu pai e [&hellip;]<\/p>\n","protected":false},"author":5,"featured_media":240070,"comment_status":"closed","ping_status":"closed","sticky":false,"template":"","format":"standard","meta":{"tdm_status":"","tdm_grid_status":"","footnotes":""},"categories":[2321,379,2025,372,343],"tags":[441],"class_list":{"0":"post-241898","1":"post","2":"type-post","3":"status-publish","4":"format-standard","5":"has-post-thumbnail","7":"category-abismo-de-paixao","8":"category-novelas","9":"category-resumo","10":"category-sbt","11":"category-televisao","12":"tag-resumo-do-dia"},"_links":{"self":[{"href":"https:\/\/migracao.redenoticia.com.br\/noticia\/wp-json\/wp\/v2\/posts\/241898","targetHints":{"allow":["GET"]}}],"collection":[{"href":"https:\/\/migracao.redenoticia.com.br\/noticia\/wp-json\/wp\/v2\/posts"}],"about":[{"href":"https:\/\/migracao.redenoticia.com.br\/noticia\/wp-json\/wp\/v2\/types\/post"}],"author":[{"embeddable":true,"href":"https:\/\/migracao.redenoticia.com.br\/noticia\/wp-json\/wp\/v2\/users\/5"}],"replies":[{"embeddable":true,"href":"https:\/\/migracao.redenoticia.com.br\/noticia\/wp-json\/wp\/v2\/comments?post=241898"}],"version-history":[{"count":0,"href":"https:\/\/migracao.redenoticia.com.br\/noticia\/wp-json\/wp\/v2\/posts\/241898\/revisions"}],"wp:featuredmedia":[{"embeddable":true,"href":"https:\/\/migracao.redenoticia.com.br\/noticia\/wp-json\/wp\/v2\/media\/240070"}],"wp:attachment":[{"href":"https:\/\/migracao.redenoticia.com.br\/noticia\/wp-json\/wp\/v2\/media?parent=241898"}],"wp:term":[{"taxonomy":"category","embeddable":true,"href":"https:\/\/migracao.redenoticia.com.br\/noticia\/wp-json\/wp\/v2\/categories?post=241898"},{"taxonomy":"post_tag","embeddable":true,"href":"https:\/\/migracao.redenoticia.com.br\/noticia\/wp-json\/wp\/v2\/tags?post=241898"}],"curies":[{"name":"wp","href":"https:\/\/api.w.org\/{rel}","templated":true}]}}