{"id":241940,"date":"2024-02-05T11:10:01","date_gmt":"2024-02-05T14:10:01","guid":{"rendered":"https:\/\/www.redenoticia.com.br\/noticia\/?p=241940"},"modified":"2024-02-05T11:10:01","modified_gmt":"2024-02-05T14:10:01","slug":"resumo-paraiso-tropical-06-02-mateus-convida-susaninha-e-camila-para-o-passeio-de-barco","status":"publish","type":"post","link":"https:\/\/migracao.redenoticia.com.br\/noticia\/2024\/resumo-paraiso-tropical-06-02-mateus-convida-susaninha-e-camila-para-o-passeio-de-barco\/241940","title":{"rendered":"Resumo &#8220;Para\u00edso Tropical&#8221; 06\/02: Mateus convida Susaninha e Camila para o passeio de barco"},"content":{"rendered":"<p> <img loading=\"lazy\" decoding=\"async\" src=\"https:\/\/migracao.redenoticia.com.br\/noticia\/imagens\/paraiso-tropical-resumo-elenco.jpg\" alt=\"\" width=\"1280\" height=\"720\" class=\"aligncenter size-full wp-image-240065\" srcset=\"https:\/\/migracao.redenoticia.com.br\/noticia\/imagens\/paraiso-tropical-resumo-elenco.jpg 1280w, https:\/\/migracao.redenoticia.com.br\/noticia\/imagens\/paraiso-tropical-resumo-elenco-250x140.jpg 250w, https:\/\/migracao.redenoticia.com.br\/noticia\/imagens\/paraiso-tropical-resumo-elenco-400x225.jpg 400w, https:\/\/migracao.redenoticia.com.br\/noticia\/imagens\/paraiso-tropical-resumo-elenco-768x432.jpg 768w, https:\/\/migracao.redenoticia.com.br\/noticia\/imagens\/paraiso-tropical-resumo-elenco-150x85.jpg 150w\" sizes=\"auto, (max-width: 1280px) 100vw, 1280px\" \/> <\/p>\n<p><em><strong>Resumo da novela &#8220;Para\u00edso Tropical&#8221;<\/strong><\/em> em 06\/02: no cap\u00edtulo 052(*) da novela, Antenor deixa claro que gostaria que Daniel ficasse na empresa e ele adia a demiss\u00e3o. Susaninha senta-se com Mateus. L\u00facia se incorpora ao grupo. Fred fica furioso ao saber que Camila chegou ao restaurante com Mateus. Camila se coloca no meio de Fred e Mateus, quando eles amea\u00e7am brigar. Camila decide ficar no restaurante com Mateus. Fabiana e David jantam juntos. C\u00e1ssio pede que Vidal pague a conta com notas que ele marcou previamente. <\/p>\n<p>Heitor comenta com Neli que Umberto n\u00e3o pode ter cursado Ci\u00eancias Sociais, pois n\u00e3o sabia quem era Darcy Ribeiro. J\u00e1der avisa Umberto que j\u00e1 est\u00e1 com seu passaporte. Umberto encontra o envelope com d\u00f3lares de Tiago e Rodrigo. Fred observa Camila e Mateus juntos. Fabiana e David se beijam. Paula incentiva Daniel a largar a empresa e abrir uma pousada. C\u00e1ssio beija L\u00facia. Ivan convida Mateus para pilotar o barco do tio de Kleber. \u00darsula v\u00ea Umberto em uma ag\u00eancia de viagem. Umberto chama Joana para fechar o neg\u00f3cio na locadora. C\u00e1ssio descobre as notas marcadas na bolsa de Ta\u00eds. Ta\u00eds fica em p\u00e2nico. <\/p>\n<p>Ta\u00eds diz que o barman Samuel pagou-a com o dinheiro roubado. C\u00e1ssio manda-a embora de sua vida e do restaurante. Vidal vai inspecionar o seu apartamento e se encanta ao ver Gilda. Paula se interessa ao saber do problema que Isidoro tem com o Grupo Cavalcanti. Daniel promete ajudar Isidoro. Heitor exp\u00f5e suas desconfian\u00e7as sobre Umberto com Rodrigo. Virg\u00ednia descobre que Vidal \u00e9 dono do apartamento. Iracema tem um ataque ao ver Virg\u00ednia na portaria. Umberto diz a Joana que precisar\u00e3o pagar em dinheiro pelo ponto. <\/p>\n<p>Mateus convida Susaninha e Camila para o passeio de barco. Joana concorda em fechar o neg\u00f3cio, mas precisa ir ao banco. Belis\u00e1rio vibra ao saber que a imobili\u00e1ria recusou a proposta de Virg\u00ednia. Daniel comenta com Vidal sobre o processo de Isidoro. Neli briga com Joana e acusa Umberto de obrig\u00e1-la a colocar dinheiro em neg\u00f3cio arriscado. Xavier mostra-se nervoso, quando Vidal conversa com ele sobre o problema de Isidoro. Xavier procura Daniel para contar a hist\u00f3ria de Isidoro. Daniel pergunta se foi Xavier quem assinou um documento que inocenta Isidoro e que, sem explica\u00e7\u00e3o, desapareceu. Joana paga a Cely e Souza, c\u00famplices de Umberto. Kleber quebra o p\u00e9 na hora do iate sair. Rodrigo pede para conversar com Umberto.<\/p>\n<p>(*) edi\u00e7\u00e3o das novelas da Globo, &#8220;Para\u00edso Tropical&#8221;, sujeito a altera\u00e7\u00e3o de data e conte\u00fado.<\/p>\n<p>Sinopse &#8220;Para\u00edso Tropical&#8221;: Olavo manda Bebel se encontrar com Paula no aeroporto, fingindo estar indo para a Amaz\u00f4nia trabalhar como recepcionista em um hotel em Manaus. Paula recebe uma liga\u00e7\u00e3o de Daniel, que a ofende por ser a filha de Am\u00e9lia, mas isso n\u00e3o passa de outra armadilha do plano de Olavo, que grampeou o celular de Daniel e editou trechos para formular a ofensa. Decepcionada, Paula decide embarcar para a Amaz\u00f4nia. <\/p>\n<p>Daniel volta para o Rio de Janeiro sem nunca ter entendido o sumi\u00e7o repentino de Paula, que tamb\u00e9m vai ao Rio em busca do seu passado e do seu av\u00f4 biol\u00f3gico. Nas ruas da cidade, Daniel encontra Paula por acaso e ela o trata de maneira r\u00edspida e grosseira. Entretanto, a mo\u00e7a trata-se de Ta\u00eds, mulher sensual, inteligente e ego\u00edsta, irm\u00e3 g\u00eamea de Paula.<\/p>\n","protected":false},"excerpt":{"rendered":"<p>Resumo da novela &#8220;Para\u00edso Tropical&#8221; em 06\/02: no cap\u00edtulo 052(*) da novela, Antenor deixa claro que gostaria que Daniel ficasse na empresa e ele adia a demiss\u00e3o. Susaninha senta-se com Mateus. L\u00facia se incorpora ao grupo. Fred fica furioso ao saber que Camila chegou ao restaurante com Mateus. Camila se coloca no meio de Fred [&hellip;]<\/p>\n","protected":false},"author":5,"featured_media":240064,"comment_status":"closed","ping_status":"closed","sticky":false,"template":"","format":"standard","meta":{"tdm_status":"","tdm_grid_status":"","footnotes":""},"categories":[379,2322,375,2025,343],"tags":[441],"class_list":{"0":"post-241940","1":"post","2":"type-post","3":"status-publish","4":"format-standard","5":"has-post-thumbnail","7":"category-novelas","8":"category-paraiso-tropical","9":"category-rede-globo","10":"category-resumo","11":"category-televisao","12":"tag-resumo-do-dia"},"_links":{"self":[{"href":"https:\/\/migracao.redenoticia.com.br\/noticia\/wp-json\/wp\/v2\/posts\/241940","targetHints":{"allow":["GET"]}}],"collection":[{"href":"https:\/\/migracao.redenoticia.com.br\/noticia\/wp-json\/wp\/v2\/posts"}],"about":[{"href":"https:\/\/migracao.redenoticia.com.br\/noticia\/wp-json\/wp\/v2\/types\/post"}],"author":[{"embeddable":true,"href":"https:\/\/migracao.redenoticia.com.br\/noticia\/wp-json\/wp\/v2\/users\/5"}],"replies":[{"embeddable":true,"href":"https:\/\/migracao.redenoticia.com.br\/noticia\/wp-json\/wp\/v2\/comments?post=241940"}],"version-history":[{"count":0,"href":"https:\/\/migracao.redenoticia.com.br\/noticia\/wp-json\/wp\/v2\/posts\/241940\/revisions"}],"wp:featuredmedia":[{"embeddable":true,"href":"https:\/\/migracao.redenoticia.com.br\/noticia\/wp-json\/wp\/v2\/media\/240064"}],"wp:attachment":[{"href":"https:\/\/migracao.redenoticia.com.br\/noticia\/wp-json\/wp\/v2\/media?parent=241940"}],"wp:term":[{"taxonomy":"category","embeddable":true,"href":"https:\/\/migracao.redenoticia.com.br\/noticia\/wp-json\/wp\/v2\/categories?post=241940"},{"taxonomy":"post_tag","embeddable":true,"href":"https:\/\/migracao.redenoticia.com.br\/noticia\/wp-json\/wp\/v2\/tags?post=241940"}],"curies":[{"name":"wp","href":"https:\/\/api.w.org\/{rel}","templated":true}]}}