{"id":242020,"date":"2024-02-08T17:36:20","date_gmt":"2024-02-08T20:36:20","guid":{"rendered":"https:\/\/www.redenoticia.com.br\/noticia\/?p=242020"},"modified":"2024-02-08T17:36:20","modified_gmt":"2024-02-08T20:36:20","slug":"resumo-abismo-de-paixao-09-02-paloma-pede-para-que-gael-nao-se-case","status":"publish","type":"post","link":"https:\/\/migracao.redenoticia.com.br\/noticia\/2024\/resumo-abismo-de-paixao-09-02-paloma-pede-para-que-gael-nao-se-case\/242020","title":{"rendered":"Resumo \u201cAbismo de Paix\u00e3o\u201d 09\/02: Paloma pede para que Gael n\u00e3o se case"},"content":{"rendered":"<p> <img loading=\"lazy\" decoding=\"async\" src=\"https:\/\/migracao.redenoticia.com.br\/noticia\/imagens\/abismo-de-paixao-novela-resumo.jpg\" alt=\"\" width=\"1280\" height=\"720\" class=\"aligncenter size-full wp-image-240071\" srcset=\"https:\/\/migracao.redenoticia.com.br\/noticia\/imagens\/abismo-de-paixao-novela-resumo.jpg 1280w, https:\/\/migracao.redenoticia.com.br\/noticia\/imagens\/abismo-de-paixao-novela-resumo-250x140.jpg 250w, https:\/\/migracao.redenoticia.com.br\/noticia\/imagens\/abismo-de-paixao-novela-resumo-400x225.jpg 400w, https:\/\/migracao.redenoticia.com.br\/noticia\/imagens\/abismo-de-paixao-novela-resumo-768x432.jpg 768w, https:\/\/migracao.redenoticia.com.br\/noticia\/imagens\/abismo-de-paixao-novela-resumo-150x85.jpg 150w\" sizes=\"auto, (max-width: 1280px) 100vw, 1280px\" \/> <\/p>\n<p><strong><em>Resumo da novela \u201cAbismo de Paix\u00e3o\u201d<\/em><\/strong> em 09\/02: no cap\u00edtulo 066(*) da novela, Padre Lupe se nega a dizer a Dami\u00e3o se ele tem irm\u00e3os ou n\u00e3o. Lucio est\u00e1 em sua casa, chorando pela lembran\u00e7a de Branca e pede a Malu que o deixe s\u00f3. Malu diz \u00e1 Lucio que caso se ele precisar dela, n\u00e3o pense duas vezes em cham\u00e1-la. Bet\u00e2nia reclama com Edmundo por ele estar com outra mulher. Ele lembra que n\u00e3o lhe deve satisfa\u00e7\u00f5es e em seguida pede o div\u00f3rcio. Sabrina se sente culpada pelos problemas que seus pais est\u00e3o passando. Ingrid adverte Ramiro que n\u00e3o ir\u00e1 embora do povoado, pelo menos at\u00e9 que Gael se case. <\/p>\n<p>Ramiro insiste para que ela parta, mas Ingrid est\u00e1 decidida a ficar. Dolores recebe a not\u00edcia da fuga e morte de Hor\u00e1cio. Flor\u00eancia diz que envenenar\u00e1 Dami\u00e3o contra Almerinda, pois agora ela n\u00e3o tem nada a perder. Elisa d\u00e1 os p\u00easames \u00e0 Flor\u00eancia, mas ela responde que Elisa \u00e9 uma hip\u00f3crita, e que nunca elas ser\u00e3o iguais. Almerinda chora desconsoladamente e pede perd\u00e3o a mem\u00f3ria de Guido. Hor\u00e1cio entra e pede ajuda para fazer justi\u00e7a contra Ramiro. Almerinda aceita ajud\u00e1-lo. Ramiro e Ingrid se encontram felizes em sua nova fazenda. <\/p>\n<p>Almerinda vai a capital e, numa cl\u00ednica, fica feliz ao pensar estar vendo o ultrassom de seu neto. O doutor a faz acreditar que ser\u00e1 um menino. Gael, Henrique, Lucio, Br\u00e1ulio e Elisa, inauguram a processadora. Enquanto isso, na processadora Arango, Dami\u00e3o comenta com Malu sobre a grande perda de dinheiro que tiveram ultimamente. Carmem diz a Dolores que a processadora de Elisa fracassar\u00e1. Dolores responde que muito pelo contr\u00e1rio, pois Elisa tem gente muito boa ao seu lado. Ramiro briga com os trabalhadores de sua terra por ter encontrado praga nelas. Ramona garante a Ramiro que \u201cC\u00e9u Aberto\u201d n\u00e3o ter\u00e1 uma s\u00f3 colheita at\u00e9 estar nas m\u00e3os de Elisa. Gael visita Paloma e ela o pede para que n\u00e3o se case, j\u00e1 que o ama. Ela come\u00e7a a seduzi-lo. Gael a beija apaixonadamente.<\/p>\n<p>(*) edi\u00e7\u00e3o das novelas do SBT, \u201cAbismo de Paix\u00e3o\u201d, sujeito a altera\u00e7\u00e3o de data e conte\u00fado.<\/p>\n<p>Sinopse \u201cAbismo de Paix\u00e3o\u201d: Almerinda, temendo a reaproxima\u00e7\u00e3o de Dami\u00e3o e Elisa, come\u00e7a a pressionar seu filho pra que ele se case o mais r\u00e1pido poss\u00edvel e retorne \u00e0 It\u00e1lia. Dami\u00e3o termina seu noivado com Flor\u00eancia assim que percebe que est\u00e1 apaixonado por Elisa e os dois planejam se casar escondido de suas fam\u00edlias. Augusto descobre o romance clandestino dos dois e n\u00e3o est\u00e1 disposto a aceitar o filho do amante de sua esposa como seu genro. <\/p>\n<p>Ele amea\u00e7a Elisa de matar Dami\u00e3o caso eles continuem juntos e Elisa decide se sacrificar pela vida de seu amado e termina sua rela\u00e7\u00e3o; e para que Dami\u00e3o pare de insistir, se d\u00e1 uma oportunidade com Gael, que confessou que sempre esteve apaixonado por ela. Essa decis\u00e3o al\u00e9m de abalar a amizade entre Dami\u00e3o e Gael, tamb\u00e9m abala a amizade entre Paloma e Elisa, j\u00e1 que Paloma sempre esteve apaixonada por Gael. <\/p>\n","protected":false},"excerpt":{"rendered":"<p>Resumo da novela \u201cAbismo de Paix\u00e3o\u201d em 09\/02: no cap\u00edtulo 066(*) da novela, Padre Lupe se nega a dizer a Dami\u00e3o se ele tem irm\u00e3os ou n\u00e3o. Lucio est\u00e1 em sua casa, chorando pela lembran\u00e7a de Branca e pede a Malu que o deixe s\u00f3. Malu diz \u00e1 Lucio que caso se ele precisar dela, [&hellip;]<\/p>\n","protected":false},"author":5,"featured_media":240070,"comment_status":"closed","ping_status":"closed","sticky":false,"template":"","format":"standard","meta":{"tdm_status":"","tdm_grid_status":"","footnotes":""},"categories":[2321,379,2025,372,343],"tags":[441],"class_list":{"0":"post-242020","1":"post","2":"type-post","3":"status-publish","4":"format-standard","5":"has-post-thumbnail","7":"category-abismo-de-paixao","8":"category-novelas","9":"category-resumo","10":"category-sbt","11":"category-televisao","12":"tag-resumo-do-dia"},"_links":{"self":[{"href":"https:\/\/migracao.redenoticia.com.br\/noticia\/wp-json\/wp\/v2\/posts\/242020","targetHints":{"allow":["GET"]}}],"collection":[{"href":"https:\/\/migracao.redenoticia.com.br\/noticia\/wp-json\/wp\/v2\/posts"}],"about":[{"href":"https:\/\/migracao.redenoticia.com.br\/noticia\/wp-json\/wp\/v2\/types\/post"}],"author":[{"embeddable":true,"href":"https:\/\/migracao.redenoticia.com.br\/noticia\/wp-json\/wp\/v2\/users\/5"}],"replies":[{"embeddable":true,"href":"https:\/\/migracao.redenoticia.com.br\/noticia\/wp-json\/wp\/v2\/comments?post=242020"}],"version-history":[{"count":0,"href":"https:\/\/migracao.redenoticia.com.br\/noticia\/wp-json\/wp\/v2\/posts\/242020\/revisions"}],"wp:featuredmedia":[{"embeddable":true,"href":"https:\/\/migracao.redenoticia.com.br\/noticia\/wp-json\/wp\/v2\/media\/240070"}],"wp:attachment":[{"href":"https:\/\/migracao.redenoticia.com.br\/noticia\/wp-json\/wp\/v2\/media?parent=242020"}],"wp:term":[{"taxonomy":"category","embeddable":true,"href":"https:\/\/migracao.redenoticia.com.br\/noticia\/wp-json\/wp\/v2\/categories?post=242020"},{"taxonomy":"post_tag","embeddable":true,"href":"https:\/\/migracao.redenoticia.com.br\/noticia\/wp-json\/wp\/v2\/tags?post=242020"}],"curies":[{"name":"wp","href":"https:\/\/api.w.org\/{rel}","templated":true}]}}