{"id":242028,"date":"2024-02-08T17:43:28","date_gmt":"2024-02-08T20:43:28","guid":{"rendered":"https:\/\/www.redenoticia.com.br\/noticia\/?p=242028"},"modified":"2024-02-08T17:43:28","modified_gmt":"2024-02-08T20:43:28","slug":"resumo-paraiso-tropical-09-02-lucia-abre-a-porta-e-da-de-cara-com-antenor","status":"publish","type":"post","link":"https:\/\/migracao.redenoticia.com.br\/noticia\/2024\/resumo-paraiso-tropical-09-02-lucia-abre-a-porta-e-da-de-cara-com-antenor\/242028","title":{"rendered":"Resumo &#8220;Para\u00edso Tropical&#8221; 09\/02: L\u00facia abre a porta e d\u00e1 de cara com Antenor"},"content":{"rendered":"<p> <img loading=\"lazy\" decoding=\"async\" src=\"https:\/\/migracao.redenoticia.com.br\/noticia\/imagens\/paraiso-tropical-resumo-elenco.jpg\" alt=\"\" width=\"1280\" height=\"720\" class=\"aligncenter size-full wp-image-240065\" srcset=\"https:\/\/migracao.redenoticia.com.br\/noticia\/imagens\/paraiso-tropical-resumo-elenco.jpg 1280w, https:\/\/migracao.redenoticia.com.br\/noticia\/imagens\/paraiso-tropical-resumo-elenco-250x140.jpg 250w, https:\/\/migracao.redenoticia.com.br\/noticia\/imagens\/paraiso-tropical-resumo-elenco-400x225.jpg 400w, https:\/\/migracao.redenoticia.com.br\/noticia\/imagens\/paraiso-tropical-resumo-elenco-768x432.jpg 768w, https:\/\/migracao.redenoticia.com.br\/noticia\/imagens\/paraiso-tropical-resumo-elenco-150x85.jpg 150w\" sizes=\"auto, (max-width: 1280px) 100vw, 1280px\" \/> <\/p>\n<p><em><strong>Resumo da novela &#8220;Para\u00edso Tropical&#8221;<\/strong><\/em> em 09\/02: no cap\u00edtulo 055(*) da novela, Paula diz a Daniel que ele deve ir ao show com Ta\u00eds para que ela possa revistar o apartamento de Marion. J\u00e1der fica enciumado quando Bebel diz que Olavo ir\u00e1 busc\u00e1-la. Olavo desmarca o encontro com Bebel. Ta\u00eds e Daniel saem. Marion estranha ao ver Ta\u00eds \u2013 que na verdade \u00e9 Paula \u2013 em casa e diz que Antenor \u00e9 pontual. Marion e Cl\u00e1udio saem e Paula vasculha a casa. Antenor chega com Amanda e um casal convidado e diz que Olavo vai entender o fato de ter sido retirado do lugar reservado para ele. <\/p>\n<p>Olavo cumprimenta Antenor e vai embora. Camila promete a Mateus terminar com Fred. L\u00facia e C\u00e1ssio ficam juntos. Paula acha o documento que inocenta Isidoro. Bebel rejeita Olavo, mas ele a beija. Neli diz a Joana que faria qualquer coisa para ela se sentir melhor. Daniel apresenta Ta\u00eds a Antenor, que a ignora. Olavo promete pensar na proposta de Bebel de ser s\u00f3 dele. <\/p>\n<p>Iracema fica furiosa ao saber que Virg\u00ednia alugou o apartamento. Isidoro vibra com o documento. Antenor demite Xavier. Neli diz a Camila que Fred quer se casar e que o emprego de Heitor depende da decis\u00e3o dela. Marion fica aturdida quando Xavier avisa que algu\u00e9m roubou o memorando. Antenor reage ao saber que Mateus era mesmo inocente. Fred pede Camila em casamento. L\u00facia abre a porta e d\u00e1 de cara com Antenor.<\/p>\n<p>(*) edi\u00e7\u00e3o das novelas da Globo, &#8220;Para\u00edso Tropical&#8221;, sujeito a altera\u00e7\u00e3o de data e conte\u00fado.<\/p>\n<p>Sinopse &#8220;Para\u00edso Tropical&#8221;: Olavo manda Bebel se encontrar com Paula no aeroporto, fingindo estar indo para a Amaz\u00f4nia trabalhar como recepcionista em um hotel em Manaus. Paula recebe uma liga\u00e7\u00e3o de Daniel, que a ofende por ser a filha de Am\u00e9lia, mas isso n\u00e3o passa de outra armadilha do plano de Olavo, que grampeou o celular de Daniel e editou trechos para formular a ofensa. Decepcionada, Paula decide embarcar para a Amaz\u00f4nia. <\/p>\n<p>Daniel volta para o Rio de Janeiro sem nunca ter entendido o sumi\u00e7o repentino de Paula, que tamb\u00e9m vai ao Rio em busca do seu passado e do seu av\u00f4 biol\u00f3gico. Nas ruas da cidade, Daniel encontra Paula por acaso e ela o trata de maneira r\u00edspida e grosseira. Entretanto, a mo\u00e7a trata-se de Ta\u00eds, mulher sensual, inteligente e ego\u00edsta, irm\u00e3 g\u00eamea de Paula.<\/p>\n","protected":false},"excerpt":{"rendered":"<p>Resumo da novela &#8220;Para\u00edso Tropical&#8221; em 09\/02: no cap\u00edtulo 055(*) da novela, Paula diz a Daniel que ele deve ir ao show com Ta\u00eds para que ela possa revistar o apartamento de Marion. J\u00e1der fica enciumado quando Bebel diz que Olavo ir\u00e1 busc\u00e1-la. Olavo desmarca o encontro com Bebel. Ta\u00eds e Daniel saem. Marion estranha [&hellip;]<\/p>\n","protected":false},"author":5,"featured_media":240064,"comment_status":"closed","ping_status":"closed","sticky":false,"template":"","format":"standard","meta":{"tdm_status":"","tdm_grid_status":"","footnotes":""},"categories":[379,2322,375,2025,343],"tags":[441],"class_list":{"0":"post-242028","1":"post","2":"type-post","3":"status-publish","4":"format-standard","5":"has-post-thumbnail","7":"category-novelas","8":"category-paraiso-tropical","9":"category-rede-globo","10":"category-resumo","11":"category-televisao","12":"tag-resumo-do-dia"},"_links":{"self":[{"href":"https:\/\/migracao.redenoticia.com.br\/noticia\/wp-json\/wp\/v2\/posts\/242028","targetHints":{"allow":["GET"]}}],"collection":[{"href":"https:\/\/migracao.redenoticia.com.br\/noticia\/wp-json\/wp\/v2\/posts"}],"about":[{"href":"https:\/\/migracao.redenoticia.com.br\/noticia\/wp-json\/wp\/v2\/types\/post"}],"author":[{"embeddable":true,"href":"https:\/\/migracao.redenoticia.com.br\/noticia\/wp-json\/wp\/v2\/users\/5"}],"replies":[{"embeddable":true,"href":"https:\/\/migracao.redenoticia.com.br\/noticia\/wp-json\/wp\/v2\/comments?post=242028"}],"version-history":[{"count":0,"href":"https:\/\/migracao.redenoticia.com.br\/noticia\/wp-json\/wp\/v2\/posts\/242028\/revisions"}],"wp:featuredmedia":[{"embeddable":true,"href":"https:\/\/migracao.redenoticia.com.br\/noticia\/wp-json\/wp\/v2\/media\/240064"}],"wp:attachment":[{"href":"https:\/\/migracao.redenoticia.com.br\/noticia\/wp-json\/wp\/v2\/media?parent=242028"}],"wp:term":[{"taxonomy":"category","embeddable":true,"href":"https:\/\/migracao.redenoticia.com.br\/noticia\/wp-json\/wp\/v2\/categories?post=242028"},{"taxonomy":"post_tag","embeddable":true,"href":"https:\/\/migracao.redenoticia.com.br\/noticia\/wp-json\/wp\/v2\/tags?post=242028"}],"curies":[{"name":"wp","href":"https:\/\/api.w.org\/{rel}","templated":true}]}}