{"id":242078,"date":"2024-02-11T12:15:44","date_gmt":"2024-02-11T15:15:44","guid":{"rendered":"https:\/\/www.redenoticia.com.br\/noticia\/?p=242078"},"modified":"2024-02-11T12:15:44","modified_gmt":"2024-02-11T15:15:44","slug":"resumo-paraiso-tropical-12-02-camila-conta-a-mateus-que-vai-se-casar","status":"publish","type":"post","link":"https:\/\/migracao.redenoticia.com.br\/noticia\/2024\/resumo-paraiso-tropical-12-02-camila-conta-a-mateus-que-vai-se-casar\/242078","title":{"rendered":"Resumo &#8220;Para\u00edso Tropical&#8221; 12\/02: Camila conta a Mateus que vai se casar"},"content":{"rendered":"<p> <img loading=\"lazy\" decoding=\"async\" src=\"https:\/\/migracao.redenoticia.com.br\/noticia\/imagens\/paraiso-tropical-resumo-elenco.jpg\" alt=\"\" width=\"1280\" height=\"720\" class=\"aligncenter size-full wp-image-240065\" srcset=\"https:\/\/migracao.redenoticia.com.br\/noticia\/imagens\/paraiso-tropical-resumo-elenco.jpg 1280w, https:\/\/migracao.redenoticia.com.br\/noticia\/imagens\/paraiso-tropical-resumo-elenco-250x140.jpg 250w, https:\/\/migracao.redenoticia.com.br\/noticia\/imagens\/paraiso-tropical-resumo-elenco-400x225.jpg 400w, https:\/\/migracao.redenoticia.com.br\/noticia\/imagens\/paraiso-tropical-resumo-elenco-768x432.jpg 768w, https:\/\/migracao.redenoticia.com.br\/noticia\/imagens\/paraiso-tropical-resumo-elenco-150x85.jpg 150w\" sizes=\"auto, (max-width: 1280px) 100vw, 1280px\" \/> <\/p>\n<p><em><strong>Resumo da novela &#8220;Para\u00edso Tropical&#8221;<\/strong><\/em> em 12\/02: no cap\u00edtulo 056(*) da novela, L\u00facia diz que Antenor n\u00e3o est\u00e1 convidado a entrar. Antenor diz que veio pedir desculpas, mas ela fecha a porta na cara dele. Camila pede um tempo para pensar na proposta. Neli se angustia. L\u00facia sugere que Paula venha morar na casa de Clemente e prop\u00f5e que elas abram um albergue l\u00e1. Joana diz a Camila que paix\u00e3o n\u00e3o \u00e9 fundamental. Paula hesita, pois tem planos de abrir uma pousada com Daniel, mas L\u00facia diz que ela pode participar somente da implanta\u00e7\u00e3o. <\/p>\n<p>Daniel conta para Antenor que um projeto implantado por Heitor foi premiado. Heitor \u00e9 chamado por Antenor. Camila cobra de Fred, que diz n\u00e3o saber de nada e amea\u00e7a entrar na sala de Antenor. Heitor \u00e9 avisado que vai viajar para receber o pr\u00eamio. Camila pede desculpas a Fred e aceita seu pedido. <\/p>\n<p>Camila conta a Mateus que vai se casar. Virg\u00ednia, Gilda e Belis\u00e1rio se mudam. Isidoro oferece para Paula e Daniel o dinheiro da indeniza\u00e7\u00e3o para eles abrirem uma pousada. Daniel conta para Paula que recebeu convite para trabalhar na empresa concorrente. Paula e Daniel jantam com Antenor. Paula diz a Antenor que Daniel foi injusti\u00e7ado no caso com Olavo e que, por ela, o noivo n\u00e3o trabalharia mais em sua empresa.<\/p>\n<p>(*) edi\u00e7\u00e3o das novelas da Globo, &#8220;Para\u00edso Tropical&#8221;, sujeito a altera\u00e7\u00e3o de data e conte\u00fado.<\/p>\n<p>Sinopse &#8220;Para\u00edso Tropical&#8221;: Olavo manda Bebel se encontrar com Paula no aeroporto, fingindo estar indo para a Amaz\u00f4nia trabalhar como recepcionista em um hotel em Manaus. Paula recebe uma liga\u00e7\u00e3o de Daniel, que a ofende por ser a filha de Am\u00e9lia, mas isso n\u00e3o passa de outra armadilha do plano de Olavo, que grampeou o celular de Daniel e editou trechos para formular a ofensa. Decepcionada, Paula decide embarcar para a Amaz\u00f4nia. <\/p>\n<p>Daniel volta para o Rio de Janeiro sem nunca ter entendido o sumi\u00e7o repentino de Paula, que tamb\u00e9m vai ao Rio em busca do seu passado e do seu av\u00f4 biol\u00f3gico. Nas ruas da cidade, Daniel encontra Paula por acaso e ela o trata de maneira r\u00edspida e grosseira. Entretanto, a mo\u00e7a trata-se de Ta\u00eds, mulher sensual, inteligente e ego\u00edsta, irm\u00e3 g\u00eamea de Paula. <\/p>\n","protected":false},"excerpt":{"rendered":"<p>Resumo da novela &#8220;Para\u00edso Tropical&#8221; em 12\/02: no cap\u00edtulo 056(*) da novela, L\u00facia diz que Antenor n\u00e3o est\u00e1 convidado a entrar. Antenor diz que veio pedir desculpas, mas ela fecha a porta na cara dele. Camila pede um tempo para pensar na proposta. Neli se angustia. L\u00facia sugere que Paula venha morar na casa de [&hellip;]<\/p>\n","protected":false},"author":2,"featured_media":240064,"comment_status":"closed","ping_status":"closed","sticky":false,"template":"","format":"standard","meta":{"tdm_status":"","tdm_grid_status":"","footnotes":""},"categories":[379,2322,375,2025,343],"tags":[441],"class_list":{"0":"post-242078","1":"post","2":"type-post","3":"status-publish","4":"format-standard","5":"has-post-thumbnail","7":"category-novelas","8":"category-paraiso-tropical","9":"category-rede-globo","10":"category-resumo","11":"category-televisao","12":"tag-resumo-do-dia"},"_links":{"self":[{"href":"https:\/\/migracao.redenoticia.com.br\/noticia\/wp-json\/wp\/v2\/posts\/242078","targetHints":{"allow":["GET"]}}],"collection":[{"href":"https:\/\/migracao.redenoticia.com.br\/noticia\/wp-json\/wp\/v2\/posts"}],"about":[{"href":"https:\/\/migracao.redenoticia.com.br\/noticia\/wp-json\/wp\/v2\/types\/post"}],"author":[{"embeddable":true,"href":"https:\/\/migracao.redenoticia.com.br\/noticia\/wp-json\/wp\/v2\/users\/2"}],"replies":[{"embeddable":true,"href":"https:\/\/migracao.redenoticia.com.br\/noticia\/wp-json\/wp\/v2\/comments?post=242078"}],"version-history":[{"count":0,"href":"https:\/\/migracao.redenoticia.com.br\/noticia\/wp-json\/wp\/v2\/posts\/242078\/revisions"}],"wp:featuredmedia":[{"embeddable":true,"href":"https:\/\/migracao.redenoticia.com.br\/noticia\/wp-json\/wp\/v2\/media\/240064"}],"wp:attachment":[{"href":"https:\/\/migracao.redenoticia.com.br\/noticia\/wp-json\/wp\/v2\/media?parent=242078"}],"wp:term":[{"taxonomy":"category","embeddable":true,"href":"https:\/\/migracao.redenoticia.com.br\/noticia\/wp-json\/wp\/v2\/categories?post=242078"},{"taxonomy":"post_tag","embeddable":true,"href":"https:\/\/migracao.redenoticia.com.br\/noticia\/wp-json\/wp\/v2\/tags?post=242078"}],"curies":[{"name":"wp","href":"https:\/\/api.w.org\/{rel}","templated":true}]}}