{"id":242110,"date":"2024-02-11T12:14:55","date_gmt":"2024-02-11T15:14:55","guid":{"rendered":"https:\/\/www.redenoticia.com.br\/noticia\/?p=242110"},"modified":"2024-02-11T12:14:55","modified_gmt":"2024-02-11T15:14:55","slug":"resumo-abismo-de-paixao-12-02-elisa-comenta-sobre-a-casa-azul-com-gael-e-dolores","status":"publish","type":"post","link":"https:\/\/migracao.redenoticia.com.br\/noticia\/2024\/resumo-abismo-de-paixao-12-02-elisa-comenta-sobre-a-casa-azul-com-gael-e-dolores\/242110","title":{"rendered":"Resumo \u201cAbismo de Paix\u00e3o\u201d 12\/02: Elisa comenta sobre a casa azul com Gael e Dolores"},"content":{"rendered":"<p> <img loading=\"lazy\" decoding=\"async\" src=\"https:\/\/migracao.redenoticia.com.br\/noticia\/imagens\/abismo-de-paixao-novela-resumo.jpg\" alt=\"\" width=\"1280\" height=\"720\" class=\"aligncenter size-full wp-image-240071\" srcset=\"https:\/\/migracao.redenoticia.com.br\/noticia\/imagens\/abismo-de-paixao-novela-resumo.jpg 1280w, https:\/\/migracao.redenoticia.com.br\/noticia\/imagens\/abismo-de-paixao-novela-resumo-250x140.jpg 250w, https:\/\/migracao.redenoticia.com.br\/noticia\/imagens\/abismo-de-paixao-novela-resumo-400x225.jpg 400w, https:\/\/migracao.redenoticia.com.br\/noticia\/imagens\/abismo-de-paixao-novela-resumo-768x432.jpg 768w, https:\/\/migracao.redenoticia.com.br\/noticia\/imagens\/abismo-de-paixao-novela-resumo-150x85.jpg 150w\" sizes=\"auto, (max-width: 1280px) 100vw, 1280px\" \/> <\/p>\n<p><strong><em>Resumo da novela \u201cAbismo de Paix\u00e3o\u201d<\/em><\/strong> em 12\/02: no cap\u00edtulo 067(*) da novela, Paloma confirma a Edmundo que est\u00e1 gr\u00e1vida de Gael, mas pede ao doutor que n\u00e3o diga nada a sua av\u00f3, pois ela seria capaz de mat\u00e1-la. Sabrina telefona para Henrique a fim de lhe contar tudo pelo que tem passado desde que saiu do povoado. Ele pede a garota que volte, j\u00e1 que Flor\u00eancia tem estado muito mal desde que se divorciou de Edmundo. <\/p>\n<p>Dami\u00e3o visita a Processadora Castanhon e pede a Elisa que lhe mostre as instala\u00e7\u00f5es, mas ela n\u00e3o quer. Ele a felicita pelo excelente trabalho que est\u00e1 fazendo e deseja felicidade em seu casamento. Gael conta a Elisa que Henrique j\u00e1 realizou todos os tramites para que comecem a exportar a pimenta habanero. Carmem percorre a planta\u00e7\u00e3o em \u201cC\u00e9u Aberto\u201d e descobre que est\u00e3o afetadas pela praga. Bet\u00e2nia flagra Edmundo e Ingrid se beijando na fazenda de Ramiro. Flor\u00eancia leva o convite de seu casamento religioso a Elisa, e a pede que n\u00e3o falte. <\/p>\n<p>Elisa agradece a aten\u00e7\u00e3o, mas avisa que se casar\u00e1 no mesmo dia com Gael. Almerinda viaja para visitar Paulo e o adverte que investigar\u00e1 a morte de Guido e se encarregar\u00e1 que os respons\u00e1veis paguem na cadeia at\u00e9 o final de suas vidas. Almerinda volta ao povoado, e exige a Hor\u00e1cio que diga toda a verdade. Ele come\u00e7a a lhe contar tudo que fez, seguindo ordens de Ramiro. <\/p>\n<p>Na fazenda Castanhon, Almerinda enfrenta Carmem e a pergunta sobre a casa azul, j\u00e1 que sabe que l\u00e1 era onde Rog\u00e9rio se encontrava com sua amante. Elisa exige que Carmem responda a pergunta de Almerinda, mas Carmem se safa dizendo que a casa era de Estef\u00e2nia, e ela a herdou ap\u00f3s sua morte. Elisa comenta sobre a casa azul com Gael e Dolores. Gael promete que a levar\u00e1 at\u00e9 l\u00e1. Bet\u00e2nia fala para Carmem que viu Edmundo e Ingrid aos beijos. Na fazenda de Ramiro, Ingrid promete a Edmundo que ir\u00e1 viver com ele assim que puder. Ingrid prop\u00f5e a Ramiro que a agrida para que Gael se aproxime dela e, assim, consiga cumprir seus planos. Ela tamb\u00e9m pede que ele pressione Carmem.<\/p>\n<p>(*) edi\u00e7\u00e3o das novelas do SBT, \u201cAbismo de Paix\u00e3o\u201d, sujeito a altera\u00e7\u00e3o de data e conte\u00fado.<\/p>\n<p>Sinopse \u201cAbismo de Paix\u00e3o\u201d: Almerinda, temendo a reaproxima\u00e7\u00e3o de Dami\u00e3o e Elisa, come\u00e7a a pressionar seu filho pra que ele se case o mais r\u00e1pido poss\u00edvel e retorne \u00e0 It\u00e1lia. Dami\u00e3o termina seu noivado com Flor\u00eancia assim que percebe que est\u00e1 apaixonado por Elisa e os dois planejam se casar escondido de suas fam\u00edlias. Augusto descobre o romance clandestino dos dois e n\u00e3o est\u00e1 disposto a aceitar o filho do amante de sua esposa como seu genro. <\/p>\n<p>Ele amea\u00e7a Elisa de matar Dami\u00e3o caso eles continuem juntos e Elisa decide se sacrificar pela vida de seu amado e termina sua rela\u00e7\u00e3o; e para que Dami\u00e3o pare de insistir, se d\u00e1 uma oportunidade com Gael, que confessou que sempre esteve apaixonado por ela. Essa decis\u00e3o al\u00e9m de abalar a amizade entre Dami\u00e3o e Gael, tamb\u00e9m abala a amizade entre Paloma e Elisa, j\u00e1 que Paloma sempre esteve apaixonada por Gael. <\/p>\n","protected":false},"excerpt":{"rendered":"<p>Resumo da novela \u201cAbismo de Paix\u00e3o\u201d em 12\/02: no cap\u00edtulo 067(*) da novela, Paloma confirma a Edmundo que est\u00e1 gr\u00e1vida de Gael, mas pede ao doutor que n\u00e3o diga nada a sua av\u00f3, pois ela seria capaz de mat\u00e1-la. Sabrina telefona para Henrique a fim de lhe contar tudo pelo que tem passado desde que [&hellip;]<\/p>\n","protected":false},"author":5,"featured_media":240070,"comment_status":"closed","ping_status":"closed","sticky":false,"template":"","format":"standard","meta":{"tdm_status":"","tdm_grid_status":"","footnotes":""},"categories":[2321,379,2025,372,343],"tags":[441],"class_list":{"0":"post-242110","1":"post","2":"type-post","3":"status-publish","4":"format-standard","5":"has-post-thumbnail","7":"category-abismo-de-paixao","8":"category-novelas","9":"category-resumo","10":"category-sbt","11":"category-televisao","12":"tag-resumo-do-dia"},"_links":{"self":[{"href":"https:\/\/migracao.redenoticia.com.br\/noticia\/wp-json\/wp\/v2\/posts\/242110","targetHints":{"allow":["GET"]}}],"collection":[{"href":"https:\/\/migracao.redenoticia.com.br\/noticia\/wp-json\/wp\/v2\/posts"}],"about":[{"href":"https:\/\/migracao.redenoticia.com.br\/noticia\/wp-json\/wp\/v2\/types\/post"}],"author":[{"embeddable":true,"href":"https:\/\/migracao.redenoticia.com.br\/noticia\/wp-json\/wp\/v2\/users\/5"}],"replies":[{"embeddable":true,"href":"https:\/\/migracao.redenoticia.com.br\/noticia\/wp-json\/wp\/v2\/comments?post=242110"}],"version-history":[{"count":0,"href":"https:\/\/migracao.redenoticia.com.br\/noticia\/wp-json\/wp\/v2\/posts\/242110\/revisions"}],"wp:featuredmedia":[{"embeddable":true,"href":"https:\/\/migracao.redenoticia.com.br\/noticia\/wp-json\/wp\/v2\/media\/240070"}],"wp:attachment":[{"href":"https:\/\/migracao.redenoticia.com.br\/noticia\/wp-json\/wp\/v2\/media?parent=242110"}],"wp:term":[{"taxonomy":"category","embeddable":true,"href":"https:\/\/migracao.redenoticia.com.br\/noticia\/wp-json\/wp\/v2\/categories?post=242110"},{"taxonomy":"post_tag","embeddable":true,"href":"https:\/\/migracao.redenoticia.com.br\/noticia\/wp-json\/wp\/v2\/tags?post=242110"}],"curies":[{"name":"wp","href":"https:\/\/api.w.org\/{rel}","templated":true}]}}