{"id":242123,"date":"2024-02-12T13:18:17","date_gmt":"2024-02-12T16:18:17","guid":{"rendered":"https:\/\/www.redenoticia.com.br\/noticia\/?p=242123"},"modified":"2024-02-12T13:18:17","modified_gmt":"2024-02-12T16:18:17","slug":"resumo-minha-fortuna-e-te-amar-13-02-felix-ameaca-mario","status":"publish","type":"post","link":"https:\/\/migracao.redenoticia.com.br\/noticia\/2024\/resumo-minha-fortuna-e-te-amar-13-02-felix-ameaca-mario\/242123","title":{"rendered":"Resumo \u201cMinha Fortuna \u00e9 Te Amar\u201d 13\/02: F\u00e9lix amea\u00e7a M\u00e1rio"},"content":{"rendered":"<p> <img loading=\"lazy\" decoding=\"async\" src=\"https:\/\/migracao.redenoticia.com.br\/noticia\/imagens\/minha-fortuna-e-te-amar-sbt-resumo-elenco.jpg\" alt=\"\" width=\"1280\" height=\"720\" class=\"aligncenter size-full wp-image-240072\" srcset=\"https:\/\/migracao.redenoticia.com.br\/noticia\/imagens\/minha-fortuna-e-te-amar-sbt-resumo-elenco.jpg 1280w, https:\/\/migracao.redenoticia.com.br\/noticia\/imagens\/minha-fortuna-e-te-amar-sbt-resumo-elenco-250x140.jpg 250w, https:\/\/migracao.redenoticia.com.br\/noticia\/imagens\/minha-fortuna-e-te-amar-sbt-resumo-elenco-400x225.jpg 400w, https:\/\/migracao.redenoticia.com.br\/noticia\/imagens\/minha-fortuna-e-te-amar-sbt-resumo-elenco-768x432.jpg 768w, https:\/\/migracao.redenoticia.com.br\/noticia\/imagens\/minha-fortuna-e-te-amar-sbt-resumo-elenco-150x85.jpg 150w\" sizes=\"auto, (max-width: 1280px) 100vw, 1280px\" \/> <\/p>\n<p><strong><em>Resumo da novela \u201cMinha Fortuna \u00e9 Te Amar\u201d<\/em><\/strong> em 13\/02: no cap\u00edtulo 049(*) da novela, F\u00e9lix liga para M\u00e1rio e acaba amea\u00e7ando-o. Benjam\u00edn fica feliz em saber que sua av\u00f3 Magos est\u00e1 bem; Nat\u00e1lia tamb\u00e9m est\u00e1 feliz por Dona Magos. Valentina n\u00e3o quer que nada aconte\u00e7a com Mario. Adriano tenta fazer com que Nat\u00e1lia entenda que o lugar dela \u00e9 ao seu lado. <\/p>\n<p>Teresa exige que Adriano deixe Nat\u00e1lia sozinha e lhe d\u00e1 um tapa. F\u00e9lix manda Valentina trabalhar no congal e Olga avisa F\u00e9lix. Vicente est\u00e1 disposto a conquistar o carinho de Regina e Andrea, mas Adriano far\u00e1 de tudo para separar Vicente de Nat\u00e1lia.<\/p>\n<p>(*) edi\u00e7\u00e3o das novelas do SBT, \u201cMinha Fortuna \u00e9 Te Amar\u201d, sujeito a altera\u00e7\u00e3o de data e conte\u00fado.<\/p>\n<p>Sinopse \u201cMinha Fortuna \u00e9 Te Amar\u201d: Adri\u00e1n e Ver\u00f3nica tra\u00e7aram um plano para fugir depois de terem enganado os clientes da imobili\u00e1ria onde s\u00e3o ambos s\u00f3cios, juntamente com Mario, namorado de Ver\u00f3nica. Adri\u00e1n deixa Natalia, sua esposa, falida. Natalia, em meio a sua situa\u00e7\u00e3o, decide seguir em frente para criar as filhas Andrea e Regina.<\/p>\n<p>Por outro lado, Vicente Ram\u00edrez sofre a perda de sua esposa Luc\u00eda, que \u00e9 morta em um assalto. O filho de Vicente, Benjam\u00edn sofre o trauma que o deixa sem fala. Vicente \u00e9 v\u00edtima de fraude pela imobili\u00e1ria de Adri\u00e1n. A vida de Nat\u00e1lia e Vicente se confunde quando ele chega \u00e0 imobili\u00e1ria para reclamar o dinheiro que lhe foi roubado.<\/p>\n","protected":false},"excerpt":{"rendered":"<p>Resumo da novela \u201cMinha Fortuna \u00e9 Te Amar\u201d em 13\/02: no cap\u00edtulo 049(*) da novela, F\u00e9lix liga para M\u00e1rio e acaba amea\u00e7ando-o. Benjam\u00edn fica feliz em saber que sua av\u00f3 Magos est\u00e1 bem; Nat\u00e1lia tamb\u00e9m est\u00e1 feliz por Dona Magos. Valentina n\u00e3o quer que nada aconte\u00e7a com Mario. Adriano tenta fazer com que Nat\u00e1lia entenda [&hellip;]<\/p>\n","protected":false},"author":2,"featured_media":240073,"comment_status":"closed","ping_status":"closed","sticky":false,"template":"","format":"standard","meta":{"tdm_status":"","tdm_grid_status":"","footnotes":""},"categories":[2320,379,2025,372,343],"tags":[441],"class_list":{"0":"post-242123","1":"post","2":"type-post","3":"status-publish","4":"format-standard","5":"has-post-thumbnail","7":"category-minha-fortuna-e-te-amar","8":"category-novelas","9":"category-resumo","10":"category-sbt","11":"category-televisao","12":"tag-resumo-do-dia"},"_links":{"self":[{"href":"https:\/\/migracao.redenoticia.com.br\/noticia\/wp-json\/wp\/v2\/posts\/242123","targetHints":{"allow":["GET"]}}],"collection":[{"href":"https:\/\/migracao.redenoticia.com.br\/noticia\/wp-json\/wp\/v2\/posts"}],"about":[{"href":"https:\/\/migracao.redenoticia.com.br\/noticia\/wp-json\/wp\/v2\/types\/post"}],"author":[{"embeddable":true,"href":"https:\/\/migracao.redenoticia.com.br\/noticia\/wp-json\/wp\/v2\/users\/2"}],"replies":[{"embeddable":true,"href":"https:\/\/migracao.redenoticia.com.br\/noticia\/wp-json\/wp\/v2\/comments?post=242123"}],"version-history":[{"count":0,"href":"https:\/\/migracao.redenoticia.com.br\/noticia\/wp-json\/wp\/v2\/posts\/242123\/revisions"}],"wp:featuredmedia":[{"embeddable":true,"href":"https:\/\/migracao.redenoticia.com.br\/noticia\/wp-json\/wp\/v2\/media\/240073"}],"wp:attachment":[{"href":"https:\/\/migracao.redenoticia.com.br\/noticia\/wp-json\/wp\/v2\/media?parent=242123"}],"wp:term":[{"taxonomy":"category","embeddable":true,"href":"https:\/\/migracao.redenoticia.com.br\/noticia\/wp-json\/wp\/v2\/categories?post=242123"},{"taxonomy":"post_tag","embeddable":true,"href":"https:\/\/migracao.redenoticia.com.br\/noticia\/wp-json\/wp\/v2\/tags?post=242123"}],"curies":[{"name":"wp","href":"https:\/\/api.w.org\/{rel}","templated":true}]}}