{"id":242160,"date":"2024-02-14T19:13:05","date_gmt":"2024-02-14T22:13:05","guid":{"rendered":"https:\/\/www.redenoticia.com.br\/noticia\/?p=242160"},"modified":"2024-02-14T19:13:05","modified_gmt":"2024-02-14T22:13:05","slug":"resumo-paraiso-tropical-15-02-olavo-reage-ao-ver-bebel-com-rolf","status":"publish","type":"post","link":"https:\/\/migracao.redenoticia.com.br\/noticia\/2024\/resumo-paraiso-tropical-15-02-olavo-reage-ao-ver-bebel-com-rolf\/242160","title":{"rendered":"Resumo &#8220;Para\u00edso Tropical&#8221; 15\/02: Olavo reage ao ver Bebel com Rolf"},"content":{"rendered":"<p> <img loading=\"lazy\" decoding=\"async\" src=\"https:\/\/migracao.redenoticia.com.br\/noticia\/imagens\/paraiso-tropical-resumo-elenco.jpg\" alt=\"\" width=\"1280\" height=\"720\" class=\"aligncenter size-full wp-image-240065\" srcset=\"https:\/\/migracao.redenoticia.com.br\/noticia\/imagens\/paraiso-tropical-resumo-elenco.jpg 1280w, https:\/\/migracao.redenoticia.com.br\/noticia\/imagens\/paraiso-tropical-resumo-elenco-250x140.jpg 250w, https:\/\/migracao.redenoticia.com.br\/noticia\/imagens\/paraiso-tropical-resumo-elenco-400x225.jpg 400w, https:\/\/migracao.redenoticia.com.br\/noticia\/imagens\/paraiso-tropical-resumo-elenco-768x432.jpg 768w, https:\/\/migracao.redenoticia.com.br\/noticia\/imagens\/paraiso-tropical-resumo-elenco-150x85.jpg 150w\" sizes=\"auto, (max-width: 1280px) 100vw, 1280px\" \/> <\/p>\n<p><em><strong>Resumo da novela &#8220;Para\u00edso Tropical&#8221;<\/strong><\/em> em 15\/02: no cap\u00edtulo 058(*) da novela, Bebel diz a Olavo que vai para Alemanha com Rolf. Olavo morre de ci\u00fames, mas disfar\u00e7a. Mateus gosta ao ver L\u00facia e C\u00e1ssio se beijando. Antenor sente a solid\u00e3o e seus empregados comentam. Marion aconselha Ta\u00eds a n\u00e3o pedir dinheiro a Antenor. Mateus d\u00e1 um presente para Camila e diz que pode ser seu amigo. Antenor concorda em antecipar uma verba para Ta\u00eds. <\/p>\n<p>Marion garante a Xavier que n\u00e3o foi Ta\u00eds que roubou o documento. Fred diz a Ta\u00eds que est\u00e1 interessado em comprar uma j\u00f3ia do designer italiano. C\u00e1ssio empresta dinheiro para Evaldo comprar material. Daniel pede que Barreto procure hot\u00e9is de charme perto do Rio e diz a Nereu que pretende fazer uma surpresa para Paula. Cl\u00e1udio descobre que a foto que Ta\u00eds colocou no site de Massimo \u00e9 de um ator que foi preso. Marion diz que Ta\u00eds \u00e9 amadora. Ta\u00eds promete tirar o site do ar. Olavo pede a J\u00e1der que mande Bebel na sua casa. <\/p>\n<p>Vidal conta a Antenor que alugou o apartamento para Belis\u00e1rio. Bebel ouve Olavo marcando encontro com Viviane. Paula comenta com Ta\u00eds que Antenor n\u00e3o gostou dela. Dinor\u00e1 ouve Iracema combinando uma festa surpresa para ela. Iracema tenta expulsar Virg\u00ednia e Belis\u00e1rio da reuni\u00e3o de condom\u00ednio, sem sucesso. Olavo reage forte ao ver Bebel e Rolf no restaurante do hotel.<\/p>\n<p>(*) edi\u00e7\u00e3o das novelas da Globo, &#8220;Para\u00edso Tropical&#8221;, sujeito a altera\u00e7\u00e3o de data e conte\u00fado.<\/p>\n<p>Sinopse &#8220;Para\u00edso Tropical&#8221;: Olavo manda Bebel se encontrar com Paula no aeroporto, fingindo estar indo para a Amaz\u00f4nia trabalhar como recepcionista em um hotel em Manaus. Paula recebe uma liga\u00e7\u00e3o de Daniel, que a ofende por ser a filha de Am\u00e9lia, mas isso n\u00e3o passa de outra armadilha do plano de Olavo, que grampeou o celular de Daniel e editou trechos para formular a ofensa. Decepcionada, Paula decide embarcar para a Amaz\u00f4nia. <\/p>\n<p>Daniel volta para o Rio de Janeiro sem nunca ter entendido o sumi\u00e7o repentino de Paula, que tamb\u00e9m vai ao Rio em busca do seu passado e do seu av\u00f4 biol\u00f3gico. Nas ruas da cidade, Daniel encontra Paula por acaso e ela o trata de maneira r\u00edspida e grosseira. Entretanto, a mo\u00e7a trata-se de Ta\u00eds, mulher sensual, inteligente e ego\u00edsta, irm\u00e3 g\u00eamea de Paula.<\/p>\n","protected":false},"excerpt":{"rendered":"<p>Resumo da novela &#8220;Para\u00edso Tropical&#8221; em 15\/02: no cap\u00edtulo 058(*) da novela, Bebel diz a Olavo que vai para Alemanha com Rolf. Olavo morre de ci\u00fames, mas disfar\u00e7a. Mateus gosta ao ver L\u00facia e C\u00e1ssio se beijando. Antenor sente a solid\u00e3o e seus empregados comentam. Marion aconselha Ta\u00eds a n\u00e3o pedir dinheiro a Antenor. Mateus [&hellip;]<\/p>\n","protected":false},"author":5,"featured_media":240064,"comment_status":"closed","ping_status":"closed","sticky":false,"template":"","format":"standard","meta":{"tdm_status":"","tdm_grid_status":"","footnotes":""},"categories":[379,2322,375,2025,343],"tags":[441],"class_list":{"0":"post-242160","1":"post","2":"type-post","3":"status-publish","4":"format-standard","5":"has-post-thumbnail","7":"category-novelas","8":"category-paraiso-tropical","9":"category-rede-globo","10":"category-resumo","11":"category-televisao","12":"tag-resumo-do-dia"},"_links":{"self":[{"href":"https:\/\/migracao.redenoticia.com.br\/noticia\/wp-json\/wp\/v2\/posts\/242160","targetHints":{"allow":["GET"]}}],"collection":[{"href":"https:\/\/migracao.redenoticia.com.br\/noticia\/wp-json\/wp\/v2\/posts"}],"about":[{"href":"https:\/\/migracao.redenoticia.com.br\/noticia\/wp-json\/wp\/v2\/types\/post"}],"author":[{"embeddable":true,"href":"https:\/\/migracao.redenoticia.com.br\/noticia\/wp-json\/wp\/v2\/users\/5"}],"replies":[{"embeddable":true,"href":"https:\/\/migracao.redenoticia.com.br\/noticia\/wp-json\/wp\/v2\/comments?post=242160"}],"version-history":[{"count":0,"href":"https:\/\/migracao.redenoticia.com.br\/noticia\/wp-json\/wp\/v2\/posts\/242160\/revisions"}],"wp:featuredmedia":[{"embeddable":true,"href":"https:\/\/migracao.redenoticia.com.br\/noticia\/wp-json\/wp\/v2\/media\/240064"}],"wp:attachment":[{"href":"https:\/\/migracao.redenoticia.com.br\/noticia\/wp-json\/wp\/v2\/media?parent=242160"}],"wp:term":[{"taxonomy":"category","embeddable":true,"href":"https:\/\/migracao.redenoticia.com.br\/noticia\/wp-json\/wp\/v2\/categories?post=242160"},{"taxonomy":"post_tag","embeddable":true,"href":"https:\/\/migracao.redenoticia.com.br\/noticia\/wp-json\/wp\/v2\/tags?post=242160"}],"curies":[{"name":"wp","href":"https:\/\/api.w.org\/{rel}","templated":true}]}}