{"id":242248,"date":"2024-02-17T17:25:43","date_gmt":"2024-02-17T20:25:43","guid":{"rendered":"https:\/\/www.redenoticia.com.br\/noticia\/?p=242248"},"modified":"2024-02-17T17:25:43","modified_gmt":"2024-02-17T20:25:43","slug":"resumo-elas-por-elas-19-02-lara-inicia-investigacao-contra-roberto","status":"publish","type":"post","link":"https:\/\/migracao.redenoticia.com.br\/noticia\/2024\/resumo-elas-por-elas-19-02-lara-inicia-investigacao-contra-roberto\/242248","title":{"rendered":"Resumo &#8220;Elas por Elas&#8221; 19\/02: Lara inicia investiga\u00e7\u00e3o contra Roberto"},"content":{"rendered":"<p> <img loading=\"lazy\" decoding=\"async\" src=\"https:\/\/migracao.redenoticia.com.br\/noticia\/imagens\/elas-por-elas-resumo-elenco-globo.jpg\" alt=\"\" width=\"1280\" height=\"720\" class=\"aligncenter size-full wp-image-237222\" srcset=\"https:\/\/migracao.redenoticia.com.br\/noticia\/imagens\/elas-por-elas-resumo-elenco-globo.jpg 1280w, https:\/\/migracao.redenoticia.com.br\/noticia\/imagens\/elas-por-elas-resumo-elenco-globo-250x140.jpg 250w, https:\/\/migracao.redenoticia.com.br\/noticia\/imagens\/elas-por-elas-resumo-elenco-globo-400x225.jpg 400w, https:\/\/migracao.redenoticia.com.br\/noticia\/imagens\/elas-por-elas-resumo-elenco-globo-768x432.jpg 768w, https:\/\/migracao.redenoticia.com.br\/noticia\/imagens\/elas-por-elas-resumo-elenco-globo-150x84.jpg 150w\" sizes=\"auto, (max-width: 1280px) 100vw, 1280px\" \/><\/p>\n<p><strong><em>Resumo da novela &#8220;Elas por Elas&#8221;<\/em><\/strong> em 19\/02: no cap\u00edtulo 126(*) da novela, Giovanni cobra respostas de Helena sobre as acusa\u00e7\u00f5es de M\u00edriam. Giovanni afirma que s\u00f3 apoiar\u00e1 Helena a voltar \u00e0 presid\u00eancia da empresa depois que a m\u00e3e se submeter a um tratamento. Marcos descobre que nasceu no mesmo dia que Giovanni. <\/p>\n<p>Ren\u00e9e se prepara para um passeio com Rico, quando \u00c9rica avisa que Wagner est\u00e1 passando mal. Lara inicia sua investiga\u00e7\u00e3o contra Roberto. S\u00e9rgio conhece Marcos. Vic conta para M\u00e1rcia que Tony est\u00e1 com dificuldades financeiras. Edu n\u00e3o gosta de ver Rico com \u00c9rica. Lara sente ci\u00fames da nova cliente misteriosa de M\u00e1rio. Marcos sonda \u00cdsis sobre M\u00edriam.<\/p>\n<p>(*) edi\u00e7\u00e3o das novelas da Globo, &#8220;Elas por Elas&#8221;, sujeito a altera\u00e7\u00e3o de data e conte\u00fado.<\/p>\n<p>Sinopse \u201cElas por Elas\u201d: A trama \u00e9 centrada na hist\u00f3ria de sete amigas dos tempos de col\u00e9gio que n\u00e3o se veem h\u00e1 vinte anos. A mais velha do grupo encontra uma foto das amigas e uma onda de lembran\u00e7as e saudosismo invade sua cabe\u00e7a. Com vontade de reencontr\u00e1-las, ela decide localizar uma por uma e promove uma reuni\u00e3o em sua casa. Todas comparecem ao evento, felizes com o reencontro. No entanto, as lembran\u00e7as do passado e coincid\u00eancias do presente v\u00eam \u00e0 tona, afetando novamente a vida de todas do grupo.<\/p>\n","protected":false},"excerpt":{"rendered":"<p>Resumo da novela &#8220;Elas por Elas&#8221; em 19\/02: no cap\u00edtulo 126(*) da novela, Giovanni cobra respostas de Helena sobre as acusa\u00e7\u00f5es de M\u00edriam. Giovanni afirma que s\u00f3 apoiar\u00e1 Helena a voltar \u00e0 presid\u00eancia da empresa depois que a m\u00e3e se submeter a um tratamento. Marcos descobre que nasceu no mesmo dia que Giovanni. Ren\u00e9e se [&hellip;]<\/p>\n","protected":false},"author":4,"featured_media":237224,"comment_status":"closed","ping_status":"closed","sticky":false,"template":"","format":"standard","meta":{"tdm_status":"","tdm_grid_status":"","footnotes":""},"categories":[2318,379,375,2025,343],"tags":[441],"class_list":{"0":"post-242248","1":"post","2":"type-post","3":"status-publish","4":"format-standard","5":"has-post-thumbnail","7":"category-elas-por-elas","8":"category-novelas","9":"category-rede-globo","10":"category-resumo","11":"category-televisao","12":"tag-resumo-do-dia"},"_links":{"self":[{"href":"https:\/\/migracao.redenoticia.com.br\/noticia\/wp-json\/wp\/v2\/posts\/242248","targetHints":{"allow":["GET"]}}],"collection":[{"href":"https:\/\/migracao.redenoticia.com.br\/noticia\/wp-json\/wp\/v2\/posts"}],"about":[{"href":"https:\/\/migracao.redenoticia.com.br\/noticia\/wp-json\/wp\/v2\/types\/post"}],"author":[{"embeddable":true,"href":"https:\/\/migracao.redenoticia.com.br\/noticia\/wp-json\/wp\/v2\/users\/4"}],"replies":[{"embeddable":true,"href":"https:\/\/migracao.redenoticia.com.br\/noticia\/wp-json\/wp\/v2\/comments?post=242248"}],"version-history":[{"count":0,"href":"https:\/\/migracao.redenoticia.com.br\/noticia\/wp-json\/wp\/v2\/posts\/242248\/revisions"}],"wp:featuredmedia":[{"embeddable":true,"href":"https:\/\/migracao.redenoticia.com.br\/noticia\/wp-json\/wp\/v2\/media\/237224"}],"wp:attachment":[{"href":"https:\/\/migracao.redenoticia.com.br\/noticia\/wp-json\/wp\/v2\/media?parent=242248"}],"wp:term":[{"taxonomy":"category","embeddable":true,"href":"https:\/\/migracao.redenoticia.com.br\/noticia\/wp-json\/wp\/v2\/categories?post=242248"},{"taxonomy":"post_tag","embeddable":true,"href":"https:\/\/migracao.redenoticia.com.br\/noticia\/wp-json\/wp\/v2\/tags?post=242248"}],"curies":[{"name":"wp","href":"https:\/\/api.w.org\/{rel}","templated":true}]}}