{"id":242292,"date":"2024-02-19T19:12:52","date_gmt":"2024-02-19T22:12:52","guid":{"rendered":"https:\/\/www.redenoticia.com.br\/noticia\/?p=242292"},"modified":"2024-02-19T19:12:52","modified_gmt":"2024-02-19T22:12:52","slug":"resumo-paraiso-tropical-20-02-daniel-exige-conversar-com-tais","status":"publish","type":"post","link":"https:\/\/migracao.redenoticia.com.br\/noticia\/2024\/resumo-paraiso-tropical-20-02-daniel-exige-conversar-com-tais\/242292","title":{"rendered":"Resumo &#8220;Para\u00edso Tropical&#8221; 20\/02: Daniel exige conversar com Ta\u00eds"},"content":{"rendered":"<p> <img loading=\"lazy\" decoding=\"async\" src=\"https:\/\/migracao.redenoticia.com.br\/noticia\/imagens\/paraiso-tropical-resumo-elenco.jpg\" alt=\"\" width=\"1280\" height=\"720\" class=\"aligncenter size-full wp-image-240065\" srcset=\"https:\/\/migracao.redenoticia.com.br\/noticia\/imagens\/paraiso-tropical-resumo-elenco.jpg 1280w, https:\/\/migracao.redenoticia.com.br\/noticia\/imagens\/paraiso-tropical-resumo-elenco-250x140.jpg 250w, https:\/\/migracao.redenoticia.com.br\/noticia\/imagens\/paraiso-tropical-resumo-elenco-400x225.jpg 400w, https:\/\/migracao.redenoticia.com.br\/noticia\/imagens\/paraiso-tropical-resumo-elenco-768x432.jpg 768w, https:\/\/migracao.redenoticia.com.br\/noticia\/imagens\/paraiso-tropical-resumo-elenco-150x85.jpg 150w\" sizes=\"auto, (max-width: 1280px) 100vw, 1280px\" \/> <\/p>\n<p><em><strong>Resumo da novela &#8220;Para\u00edso Tropical&#8221;<\/strong><\/em> em 20\/02: no cap\u00edtulo 061(*) da novela, Daniel afirma n\u00e3o ter feito foto alguma. Paula acusa Daniel de estar de caso com Ta\u00eds. Daniel insiste para eles conversarem, mas ela o chama de mentiroso. Paula vai embora de t\u00e1xi. Daniel tenta seguir o t\u00e1xi, mas n\u00e3o consegue. Diana se interessa por Gustavo, mas Rodrigo avisa que ele \u00e9 comprometido. <\/p>\n<p>Iracema se preocupa quando Dinor\u00e1 fala de separa\u00e7\u00e3o. C\u00e1ssio deixa um recado para L\u00facia. L\u00facia comenta a sua decep\u00e7\u00e3o com Herm\u00ednia. Daniel afirma que a foto \u00e9 uma montagem. Paula continua acusando-o. Daniel diz que vai provar a verdade. Daniel vai \u00e0 casa de Marion, que mente ao dizer que Ta\u00eds n\u00e3o est\u00e1 em casa. Olavo vai com Bebel \u00e0 loja e exige que ela seja bem atendida. L\u00facia aconselha Paula a pressionar Ta\u00eds. Daniel conta o ocorrido para Antenor. <\/p>\n<p>Paula exige saber a verdade e Ta\u00eds diz que houve uma atra\u00e7\u00e3o f\u00edsica entre ela e Daniel. Camila e Fred se divertem no boliche. Mateus sofre ao ver Fred e Camila se beijando. Gustavo volta para casa e dorme no sof\u00e1. Bebel pergunta a Olavo se ela fala muito errado e ele concorda. Rodrigo e Tiago avisam Diana que v\u00e3o passar o final de semana fora. Virg\u00ednia, Belis\u00e1rio, Gilda e Vidal brindam \u00e0 compra do apartamento. Daniel exige conversar com Ta\u00eds.<\/p>\n<p>(*) edi\u00e7\u00e3o das novelas da Globo, &#8220;Para\u00edso Tropical&#8221;, sujeito a altera\u00e7\u00e3o de data e conte\u00fado.<\/p>\n<p>Sinopse &#8220;Para\u00edso Tropical&#8221;: Olavo manda Bebel se encontrar com Paula no aeroporto, fingindo estar indo para a Amaz\u00f4nia trabalhar como recepcionista em um hotel em Manaus. Paula recebe uma liga\u00e7\u00e3o de Daniel, que a ofende por ser a filha de Am\u00e9lia, mas isso n\u00e3o passa de outra armadilha do plano de Olavo, que grampeou o celular de Daniel e editou trechos para formular a ofensa. Decepcionada, Paula decide embarcar para a Amaz\u00f4nia. <\/p>\n<p>Daniel volta para o Rio de Janeiro sem nunca ter entendido o sumi\u00e7o repentino de Paula, que tamb\u00e9m vai ao Rio em busca do seu passado e do seu av\u00f4 biol\u00f3gico. Nas ruas da cidade, Daniel encontra Paula por acaso e ela o trata de maneira r\u00edspida e grosseira. Entretanto, a mo\u00e7a trata-se de Ta\u00eds, mulher sensual, inteligente e ego\u00edsta, irm\u00e3 g\u00eamea de Paula.<\/p>\n","protected":false},"excerpt":{"rendered":"<p>Resumo da novela &#8220;Para\u00edso Tropical&#8221; em 20\/02: no cap\u00edtulo 061(*) da novela, Daniel afirma n\u00e3o ter feito foto alguma. Paula acusa Daniel de estar de caso com Ta\u00eds. Daniel insiste para eles conversarem, mas ela o chama de mentiroso. Paula vai embora de t\u00e1xi. Daniel tenta seguir o t\u00e1xi, mas n\u00e3o consegue. Diana se interessa [&hellip;]<\/p>\n","protected":false},"author":5,"featured_media":240064,"comment_status":"closed","ping_status":"closed","sticky":false,"template":"","format":"standard","meta":{"tdm_status":"","tdm_grid_status":"","footnotes":""},"categories":[379,2322,375,2025,343],"tags":[441],"class_list":{"0":"post-242292","1":"post","2":"type-post","3":"status-publish","4":"format-standard","5":"has-post-thumbnail","7":"category-novelas","8":"category-paraiso-tropical","9":"category-rede-globo","10":"category-resumo","11":"category-televisao","12":"tag-resumo-do-dia"},"_links":{"self":[{"href":"https:\/\/migracao.redenoticia.com.br\/noticia\/wp-json\/wp\/v2\/posts\/242292","targetHints":{"allow":["GET"]}}],"collection":[{"href":"https:\/\/migracao.redenoticia.com.br\/noticia\/wp-json\/wp\/v2\/posts"}],"about":[{"href":"https:\/\/migracao.redenoticia.com.br\/noticia\/wp-json\/wp\/v2\/types\/post"}],"author":[{"embeddable":true,"href":"https:\/\/migracao.redenoticia.com.br\/noticia\/wp-json\/wp\/v2\/users\/5"}],"replies":[{"embeddable":true,"href":"https:\/\/migracao.redenoticia.com.br\/noticia\/wp-json\/wp\/v2\/comments?post=242292"}],"version-history":[{"count":0,"href":"https:\/\/migracao.redenoticia.com.br\/noticia\/wp-json\/wp\/v2\/posts\/242292\/revisions"}],"wp:featuredmedia":[{"embeddable":true,"href":"https:\/\/migracao.redenoticia.com.br\/noticia\/wp-json\/wp\/v2\/media\/240064"}],"wp:attachment":[{"href":"https:\/\/migracao.redenoticia.com.br\/noticia\/wp-json\/wp\/v2\/media?parent=242292"}],"wp:term":[{"taxonomy":"category","embeddable":true,"href":"https:\/\/migracao.redenoticia.com.br\/noticia\/wp-json\/wp\/v2\/categories?post=242292"},{"taxonomy":"post_tag","embeddable":true,"href":"https:\/\/migracao.redenoticia.com.br\/noticia\/wp-json\/wp\/v2\/tags?post=242292"}],"curies":[{"name":"wp","href":"https:\/\/api.w.org\/{rel}","templated":true}]}}