{"id":242314,"date":"2024-02-20T07:47:10","date_gmt":"2024-02-20T10:47:10","guid":{"rendered":"https:\/\/www.redenoticia.com.br\/noticia\/?p=242314"},"modified":"2024-02-20T18:46:33","modified_gmt":"2024-02-20T21:46:33","slug":"resumo-abismo-de-paixao-21-02-florencia-confessa-a-damiao-que-nao-esta-gravida","status":"publish","type":"post","link":"https:\/\/migracao.redenoticia.com.br\/noticia\/2024\/resumo-abismo-de-paixao-21-02-florencia-confessa-a-damiao-que-nao-esta-gravida\/242314","title":{"rendered":"Resumo \u201cAbismo de Paix\u00e3o\u201d 21\/02: Flor\u00eancia confessa a Dami\u00e3o que n\u00e3o est\u00e1 gr\u00e1vida"},"content":{"rendered":"<p> <img loading=\"lazy\" decoding=\"async\" src=\"https:\/\/migracao.redenoticia.com.br\/noticia\/imagens\/abismo-de-paixao-novela-resumo.jpg\" alt=\"\" width=\"1280\" height=\"720\" class=\"aligncenter size-full wp-image-240071\" srcset=\"https:\/\/migracao.redenoticia.com.br\/noticia\/imagens\/abismo-de-paixao-novela-resumo.jpg 1280w, https:\/\/migracao.redenoticia.com.br\/noticia\/imagens\/abismo-de-paixao-novela-resumo-250x140.jpg 250w, https:\/\/migracao.redenoticia.com.br\/noticia\/imagens\/abismo-de-paixao-novela-resumo-400x225.jpg 400w, https:\/\/migracao.redenoticia.com.br\/noticia\/imagens\/abismo-de-paixao-novela-resumo-768x432.jpg 768w, https:\/\/migracao.redenoticia.com.br\/noticia\/imagens\/abismo-de-paixao-novela-resumo-150x85.jpg 150w\" sizes=\"auto, (max-width: 1280px) 100vw, 1280px\" \/> <\/p>\n<p><strong><em>Resumo da novela \u201cAbismo de Paix\u00e3o\u201d<\/em><\/strong> em 21\/02: no cap\u00edtulo 073(*) da novela, Almerinda procura Ingrid na fazenda de Ramiro, mas esta nunca chega para o encontro que tinham. Flor\u00eancia tem o amuleto de Dami\u00e3o e pensa no que far\u00e1 com ele. Dolores pede a Elisa que pense bem se realmente se casar\u00e1 com Gael ou n\u00e3o. Elisa responde que deve muito a Gael. Na cabana de Ramona, ela n\u00e3o consegue dormir e prepara um ch\u00e1. Paloma comenta com ela que tamb\u00e9m n\u00e3o pode dormir. Ramona a pede que diga a verdade sobre o pai do beb\u00ea, mas Paloma responde que Henrique \u00e9 o pai da crian\u00e7a. Ramiro escapa do centro de sa\u00fade e sequestra Ingrid. Ele a leva para a casa azul e discutem. Ingrid desmaia e Ramiro a joga em um buraco que fez no quintal da casa. Ingrid acaba acordando e observa como Ramiro joga terra em cima dela. Ingrid grita desesperada. Depois de enterrar Ingrid viva, Ramiro caminha pelo campo sentindo-se mal. Ele confunde Paloma com sua m\u00e3e e pede que o ajude. <\/p>\n<p>Paloma, desesperada, o leva a cabana de Ramona, que se recusa a cur\u00e1-lo. Paloma pede a av\u00f3 que cuide dele enquanto ela vai ao centro de sa\u00fade pedir ajuda. Ramona d\u00e1 um rem\u00e9dio para Ramiro e ele se assusta ao ver que est\u00e1 com ela. Sabrina visita Paulo na cadeia. Ele a pede que o ajude a sair dali, mas ela se nega, j\u00e1 que ele sempre jogou com seus sentimentos. Paulo liga para Flor\u00eancia para dizer lhe que mandar\u00e1 uma surpresa em seu casamento. Na fazenda Arango, Almerinda presenteia Dami\u00e3o com uma arma que era de Rog\u00e9rio, e o pede para que fa\u00e7am as pazes. <\/p>\n<p>Carmem exige que Almerinda deixe de mexer no passado, j\u00e1 que ela pode encontrar fatos que sejam muito dolorosos para todos. Almerinda a responde que n\u00e3o descansar\u00e1 at\u00e9 encontrar a verdadeira amante de Rog\u00e9rio e vingar-se de tudo. Dami\u00e3o procura Elisa na fazenda para lhe propor a compra de \u201cC\u00e9u Aberto\u201d, mas Elisa n\u00e3o quer vender. Gael pede a Dami\u00e3o que v\u00e1 embora, j\u00e1 que n\u00e3o suporta v\u00ea-lo no povoado e pr\u00f3ximo a Elisa. Carmem diz a Elisa que prefere vender sua parte de \u201cC\u00e9u Aberto\u201d a Ramiro do que para ela.<\/p>\n<p>Elisa j\u00e1 est\u00e1 pronta para seu casamento com Gael. Dolores e Lucio a acompanham. Carmem fica s\u00f3 na fazenda, j\u00e1 que n\u00e3o foi convidada. Ramiro chega a fazenda para ver Carmem. Carmen pergunta por Ingrid e Ramiro diz que a matou. Na fazenda Arango, Dami\u00e3o, Almerinda e Flor\u00eancia se surpreendem quando veem Paulo chegar. Almerinda pede que v\u00e1 embora dali assim que termine o casamento. Paulo chantageia Flor\u00eancia, pedindo lhe dinheiro em troca de seguir guardando o segredo quanto \u00e1 sua gravidez.<\/p>\n<p> Flor\u00eancia confessa a Dami\u00e3o que n\u00e3o est\u00e1 gr\u00e1vida. Ela pede que ele busque sua felicidade ao lado de Elisa. Ela o entrega uma carta e a ata de div\u00f3rcio, j\u00e1 assinada por ela. Dami\u00e3o sobe em seu cavalo e vai por Elisa. Almerinda n\u00e3o consegue acreditar no que est\u00e1 vendo e expulsa Flor\u00eancia da fazenda. Gael e Elisa est\u00e3o se casando quando Dami\u00e3o chega para impedi-los. Ele amea\u00e7a Gael com um revolver e ordena Elisa que suba no cavalo. Elisa obedece e eles partem. Gael, desesperado, busca por Elisa e Dami\u00e3o em todo povoado.<\/p>\n<p>(*) edi\u00e7\u00e3o das novelas do SBT, \u201cAbismo de Paix\u00e3o\u201d, sujeito a altera\u00e7\u00e3o de data e conte\u00fado.<\/p>\n<p>Sinopse \u201cAbismo de Paix\u00e3o\u201d: Almerinda, temendo a reaproxima\u00e7\u00e3o de Dami\u00e3o e Elisa, come\u00e7a a pressionar seu filho pra que ele se case o mais r\u00e1pido poss\u00edvel e retorne \u00e0 It\u00e1lia. Dami\u00e3o termina seu noivado com Flor\u00eancia assim que percebe que est\u00e1 apaixonado por Elisa e os dois planejam se casar escondido de suas fam\u00edlias. Augusto descobre o romance clandestino dos dois e n\u00e3o est\u00e1 disposto a aceitar o filho do amante de sua esposa como seu genro. <\/p>\n<p>Ele amea\u00e7a Elisa de matar Dami\u00e3o caso eles continuem juntos e Elisa decide se sacrificar pela vida de seu amado e termina sua rela\u00e7\u00e3o; e para que Dami\u00e3o pare de insistir, se d\u00e1 uma oportunidade com Gael, que confessou que sempre esteve apaixonado por ela. Essa decis\u00e3o al\u00e9m de abalar a amizade entre Dami\u00e3o e Gael, tamb\u00e9m abala a amizade entre Paloma e Elisa, j\u00e1 que Paloma sempre esteve apaixonada por Gael.<\/p>\n","protected":false},"excerpt":{"rendered":"<p>Resumo da novela \u201cAbismo de Paix\u00e3o\u201d em 21\/02: no cap\u00edtulo 073(*) da novela, Almerinda procura Ingrid na fazenda de Ramiro, mas esta nunca chega para o encontro que tinham. Flor\u00eancia tem o amuleto de Dami\u00e3o e pensa no que far\u00e1 com ele. Dolores pede a Elisa que pense bem se realmente se casar\u00e1 com Gael [&hellip;]<\/p>\n","protected":false},"author":5,"featured_media":240070,"comment_status":"closed","ping_status":"closed","sticky":false,"template":"","format":"standard","meta":{"tdm_status":"","tdm_grid_status":"","footnotes":""},"categories":[2321,379,2025,372,343],"tags":[441],"class_list":{"0":"post-242314","1":"post","2":"type-post","3":"status-publish","4":"format-standard","5":"has-post-thumbnail","7":"category-abismo-de-paixao","8":"category-novelas","9":"category-resumo","10":"category-sbt","11":"category-televisao","12":"tag-resumo-do-dia"},"_links":{"self":[{"href":"https:\/\/migracao.redenoticia.com.br\/noticia\/wp-json\/wp\/v2\/posts\/242314","targetHints":{"allow":["GET"]}}],"collection":[{"href":"https:\/\/migracao.redenoticia.com.br\/noticia\/wp-json\/wp\/v2\/posts"}],"about":[{"href":"https:\/\/migracao.redenoticia.com.br\/noticia\/wp-json\/wp\/v2\/types\/post"}],"author":[{"embeddable":true,"href":"https:\/\/migracao.redenoticia.com.br\/noticia\/wp-json\/wp\/v2\/users\/5"}],"replies":[{"embeddable":true,"href":"https:\/\/migracao.redenoticia.com.br\/noticia\/wp-json\/wp\/v2\/comments?post=242314"}],"version-history":[{"count":0,"href":"https:\/\/migracao.redenoticia.com.br\/noticia\/wp-json\/wp\/v2\/posts\/242314\/revisions"}],"wp:featuredmedia":[{"embeddable":true,"href":"https:\/\/migracao.redenoticia.com.br\/noticia\/wp-json\/wp\/v2\/media\/240070"}],"wp:attachment":[{"href":"https:\/\/migracao.redenoticia.com.br\/noticia\/wp-json\/wp\/v2\/media?parent=242314"}],"wp:term":[{"taxonomy":"category","embeddable":true,"href":"https:\/\/migracao.redenoticia.com.br\/noticia\/wp-json\/wp\/v2\/categories?post=242314"},{"taxonomy":"post_tag","embeddable":true,"href":"https:\/\/migracao.redenoticia.com.br\/noticia\/wp-json\/wp\/v2\/tags?post=242314"}],"curies":[{"name":"wp","href":"https:\/\/api.w.org\/{rel}","templated":true}]}}