{"id":242376,"date":"2024-02-22T10:59:17","date_gmt":"2024-02-22T13:59:17","guid":{"rendered":"https:\/\/www.redenoticia.com.br\/noticia\/?p=242376"},"modified":"2024-02-22T10:59:17","modified_gmt":"2024-02-22T13:59:17","slug":"resumo-renascer-23-02-buba-troca-o-nome-de-teca-pelo-seu-na-consulta-medica","status":"publish","type":"post","link":"https:\/\/migracao.redenoticia.com.br\/noticia\/2024\/resumo-renascer-23-02-buba-troca-o-nome-de-teca-pelo-seu-na-consulta-medica\/242376","title":{"rendered":"Resumo &#8220;Renascer&#8221; 23\/02: Buba troca o nome de Teca pelo seu na consulta m\u00e9dica"},"content":{"rendered":"<p> <img loading=\"lazy\" decoding=\"async\" src=\"https:\/\/migracao.redenoticia.com.br\/noticia\/imagens\/renascer-resumo-capitulos-hoje.jpg\" alt=\"\" width=\"1280\" height=\"720\" class=\"aligncenter size-full wp-image-241929\" srcset=\"https:\/\/migracao.redenoticia.com.br\/noticia\/imagens\/renascer-resumo-capitulos-hoje.jpg 1280w, https:\/\/migracao.redenoticia.com.br\/noticia\/imagens\/renascer-resumo-capitulos-hoje-250x140.jpg 250w, https:\/\/migracao.redenoticia.com.br\/noticia\/imagens\/renascer-resumo-capitulos-hoje-400x225.jpg 400w, https:\/\/migracao.redenoticia.com.br\/noticia\/imagens\/renascer-resumo-capitulos-hoje-768x432.jpg 768w, https:\/\/migracao.redenoticia.com.br\/noticia\/imagens\/renascer-resumo-capitulos-hoje-150x85.jpg 150w\" sizes=\"auto, (max-width: 1280px) 100vw, 1280px\" \/><\/p>\n<p><strong><em>Resumo da novela &#8220;Renascer&#8221;<\/em><\/strong> em 23\/02: no cap\u00edtulo 028(*) da novela, Ti\u00e3o Galinha e Joana comemoram a nova morada na fazenda do coronel Eg\u00eddio, que se surpreende com a beleza da mo\u00e7a. Deocleciano alerta Jo\u00e3o Pedro sobre Dami\u00e3o. Chico repreende Ritinha. Buba fica preocupada com Teca, que sente medo. <\/p>\n<p>Ven\u00e2ncio fica chocado com o fato de Buba ter atropelado uma mulher gr\u00e1vida. Buba assume seu erro ao trocar o nome de Teca pelo seu na consulta m\u00e9dica. Jo\u00e3o Pedro avisa a Mariana que o pai o mandou dormir na fazenda para a madrasta n\u00e3o ficar sozinha. Mariana questiona Jo\u00e3o Pedro sobre o motivo de ele obedecer a Jos\u00e9 Inoc\u00eancio.<\/p>\n<p>(*) edi\u00e7\u00e3o das novelas da Globo, &#8220;Renascer&#8221;, sujeito a altera\u00e7\u00e3o de data e conte\u00fado.<\/p>\n<p>Sinopse &#8220;Renascer&#8221;: Jos\u00e9 Inoc\u00eancio chegou na zona cacaueira de Ilh\u00e9us, na Bahia, e fincou um fac\u00e3o aos p\u00e9s de um frondoso jequitib\u00e1. Este gesto passa a ser o s\u00edmbolo de sua coragem e do sonho de se tornar eterno. Apaixona-se ap\u00f3s o boi-bumb\u00e1 passar por sua fazenda, casa-se com Maria Santa e torna-se pai de quatro filhos: Jos\u00e9 Augusto, Jos\u00e9 Bento, Jos\u00e9 Ven\u00e2ncio e Jo\u00e3o Pedro, o ca\u00e7ula, cujo nascimento \u00e9 acompanhado da morte da m\u00e3e, por complica\u00e7\u00f5es durante o parto.<\/p>\n<p>O fato faz com que Z\u00e9 Inoc\u00eancio desenvolva um relacionamento de \u00f3dio com o filho. Essa desaven\u00e7a \u00e9 que conduz todas as tramas da hist\u00f3ria. Elas se aceleram quando Inoc\u00eancio, j\u00e1 cinquent\u00e3o, conquista e casa-se com a namorada de Jo\u00e3o Pedro, a jovem Mariana. Esta \u00e9 neta do seu maior desafeto no passado, Belarmino, assassinado de forma misteriosa, com as suspeitas recaindo sobre o pr\u00f3prio Inoc\u00eancio. <\/p>\n","protected":false},"excerpt":{"rendered":"<p>Resumo da novela &#8220;Renascer&#8221; em 23\/02: no cap\u00edtulo 028(*) da novela, Ti\u00e3o Galinha e Joana comemoram a nova morada na fazenda do coronel Eg\u00eddio, que se surpreende com a beleza da mo\u00e7a. Deocleciano alerta Jo\u00e3o Pedro sobre Dami\u00e3o. Chico repreende Ritinha. Buba fica preocupada com Teca, que sente medo. Ven\u00e2ncio fica chocado com o fato [&hellip;]<\/p>\n","protected":false},"author":2,"featured_media":241527,"comment_status":"closed","ping_status":"closed","sticky":false,"template":"","format":"standard","meta":{"tdm_status":"","tdm_grid_status":"","footnotes":""},"categories":[379,375,2323,2025,343],"tags":[441],"class_list":{"0":"post-242376","1":"post","2":"type-post","3":"status-publish","4":"format-standard","5":"has-post-thumbnail","7":"category-novelas","8":"category-rede-globo","9":"category-renascer","10":"category-resumo","11":"category-televisao","12":"tag-resumo-do-dia"},"_links":{"self":[{"href":"https:\/\/migracao.redenoticia.com.br\/noticia\/wp-json\/wp\/v2\/posts\/242376","targetHints":{"allow":["GET"]}}],"collection":[{"href":"https:\/\/migracao.redenoticia.com.br\/noticia\/wp-json\/wp\/v2\/posts"}],"about":[{"href":"https:\/\/migracao.redenoticia.com.br\/noticia\/wp-json\/wp\/v2\/types\/post"}],"author":[{"embeddable":true,"href":"https:\/\/migracao.redenoticia.com.br\/noticia\/wp-json\/wp\/v2\/users\/2"}],"replies":[{"embeddable":true,"href":"https:\/\/migracao.redenoticia.com.br\/noticia\/wp-json\/wp\/v2\/comments?post=242376"}],"version-history":[{"count":0,"href":"https:\/\/migracao.redenoticia.com.br\/noticia\/wp-json\/wp\/v2\/posts\/242376\/revisions"}],"wp:featuredmedia":[{"embeddable":true,"href":"https:\/\/migracao.redenoticia.com.br\/noticia\/wp-json\/wp\/v2\/media\/241527"}],"wp:attachment":[{"href":"https:\/\/migracao.redenoticia.com.br\/noticia\/wp-json\/wp\/v2\/media?parent=242376"}],"wp:term":[{"taxonomy":"category","embeddable":true,"href":"https:\/\/migracao.redenoticia.com.br\/noticia\/wp-json\/wp\/v2\/categories?post=242376"},{"taxonomy":"post_tag","embeddable":true,"href":"https:\/\/migracao.redenoticia.com.br\/noticia\/wp-json\/wp\/v2\/tags?post=242376"}],"curies":[{"name":"wp","href":"https:\/\/api.w.org\/{rel}","templated":true}]}}