{"id":242380,"date":"2024-02-22T10:50:55","date_gmt":"2024-02-22T13:50:55","guid":{"rendered":"https:\/\/www.redenoticia.com.br\/noticia\/?p=242380"},"modified":"2024-02-22T10:50:55","modified_gmt":"2024-02-22T13:50:55","slug":"resumo-abismo-de-paixao-23-02-gael-adverte-lucio-que-se-vingara-de-damiao","status":"publish","type":"post","link":"https:\/\/migracao.redenoticia.com.br\/noticia\/2024\/resumo-abismo-de-paixao-23-02-gael-adverte-lucio-que-se-vingara-de-damiao\/242380","title":{"rendered":"Resumo \u201cAbismo de Paix\u00e3o\u201d 23\/02: Gael adverte Lucio que se vingar\u00e1 de Dami\u00e3o"},"content":{"rendered":"<p> <img loading=\"lazy\" decoding=\"async\" src=\"https:\/\/migracao.redenoticia.com.br\/noticia\/imagens\/abismo-de-paixao-novela-resumo.jpg\" alt=\"\" width=\"1280\" height=\"720\" class=\"aligncenter size-full wp-image-240071\" srcset=\"https:\/\/migracao.redenoticia.com.br\/noticia\/imagens\/abismo-de-paixao-novela-resumo.jpg 1280w, https:\/\/migracao.redenoticia.com.br\/noticia\/imagens\/abismo-de-paixao-novela-resumo-250x140.jpg 250w, https:\/\/migracao.redenoticia.com.br\/noticia\/imagens\/abismo-de-paixao-novela-resumo-400x225.jpg 400w, https:\/\/migracao.redenoticia.com.br\/noticia\/imagens\/abismo-de-paixao-novela-resumo-768x432.jpg 768w, https:\/\/migracao.redenoticia.com.br\/noticia\/imagens\/abismo-de-paixao-novela-resumo-150x85.jpg 150w\" sizes=\"auto, (max-width: 1280px) 100vw, 1280px\" \/> <\/p>\n<p><strong><em>Resumo da novela \u201cAbismo de Paix\u00e3o\u201d<\/em><\/strong> em 23\/02: no cap\u00edtulo 075(*) da novela, Flor\u00eancia confessa a Dami\u00e3o que n\u00e3o est\u00e1 gr\u00e1vida. Ela pede que ele busque sua felicidade ao lado de Elisa. Ela o entrega uma carta e a ata de div\u00f3rcio, j\u00e1 assinada por ela. Dami\u00e3o sobe em seu cavalo e vai por Elisa. Almerinda n\u00e3o consegue acreditar no que est\u00e1 vendo e expulsa Flor\u00eancia da fazenda. Gael e Elisa est\u00e3o se casando quando Dami\u00e3o chega para impedi-los. Ele amea\u00e7a Gael com um revolver e ordena Elisa que suba no cavalo. Elisa obedece e eles partem. Gael, desesperado, busca por Elisa e Dami\u00e3o em todo povoado.<\/p>\n<p>Em uma cabana afastada do povoado, Elisa mente para Dami\u00e3o dizendo o que n\u00e3o quer estar com ele por amar Gael e pede para libert\u00e1-la. Dami\u00e3o l\u00ea a carta de Flor\u00eancia e assim descobre que ela nunca esteve gr\u00e1vida e que tudo que ela fez foi um plano armado por Almerinda. Flor\u00eancia procura Henrique para explicar que nunca esteve gr\u00e1vida e tudo foi uma inven\u00e7\u00e3o que se viu obrigada a seguir por causa das circunstancias, pois Almerinda a aprisionava. Ela pede perd\u00e3o e uma oportunidade para mostrar-lhe que o ama. Paulo procura Carmem na fazenda e abusa dela para vingar se das humilha\u00e7\u00f5es pelas quais o fez passar.<\/p>\n<p> Edmundo avisa Bet\u00e2nia que Sabrina est\u00e1 no povoado para lhe visitar. Almerinda pede ajuda a Paloma para encontrar Elisa e Dami\u00e3o. Paloma responde que n\u00e3o sabe de nada. Ramiro se sente mal e procura Edmundo para que ele lhe medique. Carmem pede a Edmundo que a examine e tenta beij\u00e1-lo. Bet\u00e2nia chega e os surpreende. Sabrina se nega a falar com Bet\u00e2nia, j\u00e1 que n\u00e3o pensa em perdo\u00e1-la. Ramiro viaja para visitar um doutor, j\u00e1 que n\u00e3o suporta mais as fortes dores de cabe\u00e7a que vem sentindo. <\/p>\n<p>O doutor Miguel realiza exames e diz que \u00e9 imposs\u00edvel oper\u00e1-lo, j\u00e1 que uma poss\u00edvel interven\u00e7\u00e3o s\u00f3 deixaria as coisas ainda piores. Ele ter\u00e1 que conviver com essas dores pelo resto da vida. Bet\u00e2nia se desespera ao ouvir de Sabrina seu desejo de se tornar volunt\u00e1ria em causas humanit\u00e1rias na \u00c1frica. Edmundo tenta explicar o que ocorreu com Carmem a Bet\u00e2nia, mas ela pede que ele v\u00e1 embora, pois n\u00e3o quer saber mais nada dele. <\/p>\n<p>Elisa cela o cavalo de Dami\u00e3o e tenta fugir. Dami\u00e3o grita desesperado para que ela n\u00e3o o abandone. Gael adverte Lucio que se vingar\u00e1 de Dami\u00e3o sem a ajuda da pol\u00edcia. Lucio diz a Gael que se Elisa o ama, jamais estar\u00e1 com Dami\u00e3o. Carmem, por telefone, diz a Almerinda que a hist\u00f3ria se repete, e um Arango novamente foge com uma Bouvier. Almerinda desmaia. Paloma diz a Edmundo que ir\u00e1 embora do povoado, e deixar\u00e1 Henrique livre. Para isso, precisa que Edmundo arrume outra secret\u00e1ria. Henrique pede a Paloma que n\u00e3o v\u00e1 embora, mas Paloma o aconselha a lutar por quem realmente ama, Flor\u00eancia. Flor\u00eancia se despede de Paulo para sempre.<\/p>\n<p> Ramiro e Paulo discutem. Paulo diz a Ramiro que ir\u00e1 embora do povoado para sempre. Ramiro contrata uns homens para agredirem Paulo. Paloma prop\u00f5e a av\u00f3 que partam do povoado e comecem uma nova vida em algum outro canto. Ramona responde a neta que ainda que esteja muito distante, n\u00e3o deixar\u00e1 de amar Gael.<\/p>\n<p>(*) edi\u00e7\u00e3o das novelas do SBT, \u201cAbismo de Paix\u00e3o\u201d, sujeito a altera\u00e7\u00e3o de data e conte\u00fado.<\/p>\n<p>Sinopse \u201cAbismo de Paix\u00e3o\u201d: Almerinda, temendo a reaproxima\u00e7\u00e3o de Dami\u00e3o e Elisa, come\u00e7a a pressionar seu filho pra que ele se case o mais r\u00e1pido poss\u00edvel e retorne \u00e0 It\u00e1lia. Dami\u00e3o termina seu noivado com Flor\u00eancia assim que percebe que est\u00e1 apaixonado por Elisa e os dois planejam se casar escondido de suas fam\u00edlias. Augusto descobre o romance clandestino dos dois e n\u00e3o est\u00e1 disposto a aceitar o filho do amante de sua esposa como seu genro. <\/p>\n<p>Ele amea\u00e7a Elisa de matar Dami\u00e3o caso eles continuem juntos e Elisa decide se sacrificar pela vida de seu amado e termina sua rela\u00e7\u00e3o; e para que Dami\u00e3o pare de insistir, se d\u00e1 uma oportunidade com Gael, que confessou que sempre esteve apaixonado por ela. Essa decis\u00e3o al\u00e9m de abalar a amizade entre Dami\u00e3o e Gael, tamb\u00e9m abala a amizade entre Paloma e Elisa, j\u00e1 que Paloma sempre esteve apaixonada por Gael.<\/p>\n","protected":false},"excerpt":{"rendered":"<p>Resumo da novela \u201cAbismo de Paix\u00e3o\u201d em 23\/02: no cap\u00edtulo 075(*) da novela, Flor\u00eancia confessa a Dami\u00e3o que n\u00e3o est\u00e1 gr\u00e1vida. Ela pede que ele busque sua felicidade ao lado de Elisa. Ela o entrega uma carta e a ata de div\u00f3rcio, j\u00e1 assinada por ela. Dami\u00e3o sobe em seu cavalo e vai por Elisa. [&hellip;]<\/p>\n","protected":false},"author":5,"featured_media":240070,"comment_status":"closed","ping_status":"closed","sticky":false,"template":"","format":"standard","meta":{"tdm_status":"","tdm_grid_status":"","footnotes":""},"categories":[2321,379,2025,372,343],"tags":[441],"class_list":{"0":"post-242380","1":"post","2":"type-post","3":"status-publish","4":"format-standard","5":"has-post-thumbnail","7":"category-abismo-de-paixao","8":"category-novelas","9":"category-resumo","10":"category-sbt","11":"category-televisao","12":"tag-resumo-do-dia"},"_links":{"self":[{"href":"https:\/\/migracao.redenoticia.com.br\/noticia\/wp-json\/wp\/v2\/posts\/242380","targetHints":{"allow":["GET"]}}],"collection":[{"href":"https:\/\/migracao.redenoticia.com.br\/noticia\/wp-json\/wp\/v2\/posts"}],"about":[{"href":"https:\/\/migracao.redenoticia.com.br\/noticia\/wp-json\/wp\/v2\/types\/post"}],"author":[{"embeddable":true,"href":"https:\/\/migracao.redenoticia.com.br\/noticia\/wp-json\/wp\/v2\/users\/5"}],"replies":[{"embeddable":true,"href":"https:\/\/migracao.redenoticia.com.br\/noticia\/wp-json\/wp\/v2\/comments?post=242380"}],"version-history":[{"count":0,"href":"https:\/\/migracao.redenoticia.com.br\/noticia\/wp-json\/wp\/v2\/posts\/242380\/revisions"}],"wp:featuredmedia":[{"embeddable":true,"href":"https:\/\/migracao.redenoticia.com.br\/noticia\/wp-json\/wp\/v2\/media\/240070"}],"wp:attachment":[{"href":"https:\/\/migracao.redenoticia.com.br\/noticia\/wp-json\/wp\/v2\/media?parent=242380"}],"wp:term":[{"taxonomy":"category","embeddable":true,"href":"https:\/\/migracao.redenoticia.com.br\/noticia\/wp-json\/wp\/v2\/categories?post=242380"},{"taxonomy":"post_tag","embeddable":true,"href":"https:\/\/migracao.redenoticia.com.br\/noticia\/wp-json\/wp\/v2\/tags?post=242380"}],"curies":[{"name":"wp","href":"https:\/\/api.w.org\/{rel}","templated":true}]}}