{"id":242429,"date":"2024-02-24T13:03:43","date_gmt":"2024-02-24T16:03:43","guid":{"rendered":"https:\/\/www.redenoticia.com.br\/noticia\/?p=242429"},"modified":"2024-02-24T13:03:43","modified_gmt":"2024-02-24T16:03:43","slug":"resumo-abismo-de-paixao-26-02-ramiro-diz-que-deu-passagens-falsas-a-almerinda","status":"publish","type":"post","link":"https:\/\/migracao.redenoticia.com.br\/noticia\/2024\/resumo-abismo-de-paixao-26-02-ramiro-diz-que-deu-passagens-falsas-a-almerinda\/242429","title":{"rendered":"Resumo \u201cAbismo de Paix\u00e3o\u201d 26\/02: Ramiro diz que deu passagens falsas a Almerinda"},"content":{"rendered":"<p> <img loading=\"lazy\" decoding=\"async\" src=\"https:\/\/migracao.redenoticia.com.br\/noticia\/imagens\/abismo-de-paixao-novela-resumo.jpg\" alt=\"\" width=\"1280\" height=\"720\" class=\"aligncenter size-full wp-image-240071\" srcset=\"https:\/\/migracao.redenoticia.com.br\/noticia\/imagens\/abismo-de-paixao-novela-resumo.jpg 1280w, https:\/\/migracao.redenoticia.com.br\/noticia\/imagens\/abismo-de-paixao-novela-resumo-250x140.jpg 250w, https:\/\/migracao.redenoticia.com.br\/noticia\/imagens\/abismo-de-paixao-novela-resumo-400x225.jpg 400w, https:\/\/migracao.redenoticia.com.br\/noticia\/imagens\/abismo-de-paixao-novela-resumo-768x432.jpg 768w, https:\/\/migracao.redenoticia.com.br\/noticia\/imagens\/abismo-de-paixao-novela-resumo-150x85.jpg 150w\" sizes=\"auto, (max-width: 1280px) 100vw, 1280px\" \/> <\/p>\n<p><strong><em>Resumo da novela \u201cAbismo de Paix\u00e3o\u201d<\/em><\/strong> em 26\/02: no cap\u00edtulo 076(*) da novela, Elisa telefona para Lucio para informar lhe que est\u00e1 bem, portanto ele n\u00e3o precisa se preocupar. Gael est\u00e1 furioso e Carmem aproveita para lhe dizer que Elisa e Dami\u00e3o j\u00e1 est\u00e3o juntos e se amam muito.<\/p>\n<p>Gael reclama com Flor\u00eancia por ela nunca ter sido mulher o suficientemente para manter Dami\u00e3o a seu lado. Flor\u00eancia responde que deu o div\u00f3rcio a Dami\u00e3o porque ele ama Elisa. Edmundo pede a Henrique que defina seus sentimentos, j\u00e1 que n\u00e3o deseja v\u00ea-lo s\u00f3 ou sofrendo por um amor imposs\u00edvel.<\/p>\n<p>Bet\u00e2nia se alegra porque Henrique n\u00e3o se casar\u00e1 mais com Paloma. Ela pede a ele que fale com Sabrina, j\u00e1 que a garota pensa em se tornar volunt\u00e1ria na \u00c1frica. Ramiro est\u00e1 na fazenda com Carmem e diz que deu passagens falsas a Almerinda, para que n\u00e3o duvide mais que Estef\u00e2nia \u00e9 quem era a amante de Rog\u00e9rio.<\/p>\n<p>(*) edi\u00e7\u00e3o das novelas do SBT, \u201cAbismo de Paix\u00e3o\u201d, sujeito a altera\u00e7\u00e3o de data e conte\u00fado.<\/p>\n<p>Sinopse \u201cAbismo de Paix\u00e3o\u201d: Almerinda, temendo a reaproxima\u00e7\u00e3o de Dami\u00e3o e Elisa, come\u00e7a a pressionar seu filho pra que ele se case o mais r\u00e1pido poss\u00edvel e retorne \u00e0 It\u00e1lia. Dami\u00e3o termina seu noivado com Flor\u00eancia assim que percebe que est\u00e1 apaixonado por Elisa e os dois planejam se casar escondido de suas fam\u00edlias. Augusto descobre o romance clandestino dos dois e n\u00e3o est\u00e1 disposto a aceitar o filho do amante de sua esposa como seu genro. <\/p>\n<p>Ele amea\u00e7a Elisa de matar Dami\u00e3o caso eles continuem juntos e Elisa decide se sacrificar pela vida de seu amado e termina sua rela\u00e7\u00e3o; e para que Dami\u00e3o pare de insistir, se d\u00e1 uma oportunidade com Gael, que confessou que sempre esteve apaixonado por ela. Essa decis\u00e3o al\u00e9m de abalar a amizade entre Dami\u00e3o e Gael, tamb\u00e9m abala a amizade entre Paloma e Elisa, j\u00e1 que Paloma sempre esteve apaixonada por Gael.<\/p>\n","protected":false},"excerpt":{"rendered":"<p>Resumo da novela \u201cAbismo de Paix\u00e3o\u201d em 26\/02: no cap\u00edtulo 076(*) da novela, Elisa telefona para Lucio para informar lhe que est\u00e1 bem, portanto ele n\u00e3o precisa se preocupar. Gael est\u00e1 furioso e Carmem aproveita para lhe dizer que Elisa e Dami\u00e3o j\u00e1 est\u00e3o juntos e se amam muito. Gael reclama com Flor\u00eancia por ela [&hellip;]<\/p>\n","protected":false},"author":5,"featured_media":240070,"comment_status":"closed","ping_status":"closed","sticky":false,"template":"","format":"standard","meta":{"tdm_status":"","tdm_grid_status":"","footnotes":""},"categories":[2321,379,2025,372,343],"tags":[441],"class_list":{"0":"post-242429","1":"post","2":"type-post","3":"status-publish","4":"format-standard","5":"has-post-thumbnail","7":"category-abismo-de-paixao","8":"category-novelas","9":"category-resumo","10":"category-sbt","11":"category-televisao","12":"tag-resumo-do-dia"},"_links":{"self":[{"href":"https:\/\/migracao.redenoticia.com.br\/noticia\/wp-json\/wp\/v2\/posts\/242429","targetHints":{"allow":["GET"]}}],"collection":[{"href":"https:\/\/migracao.redenoticia.com.br\/noticia\/wp-json\/wp\/v2\/posts"}],"about":[{"href":"https:\/\/migracao.redenoticia.com.br\/noticia\/wp-json\/wp\/v2\/types\/post"}],"author":[{"embeddable":true,"href":"https:\/\/migracao.redenoticia.com.br\/noticia\/wp-json\/wp\/v2\/users\/5"}],"replies":[{"embeddable":true,"href":"https:\/\/migracao.redenoticia.com.br\/noticia\/wp-json\/wp\/v2\/comments?post=242429"}],"version-history":[{"count":0,"href":"https:\/\/migracao.redenoticia.com.br\/noticia\/wp-json\/wp\/v2\/posts\/242429\/revisions"}],"wp:featuredmedia":[{"embeddable":true,"href":"https:\/\/migracao.redenoticia.com.br\/noticia\/wp-json\/wp\/v2\/media\/240070"}],"wp:attachment":[{"href":"https:\/\/migracao.redenoticia.com.br\/noticia\/wp-json\/wp\/v2\/media?parent=242429"}],"wp:term":[{"taxonomy":"category","embeddable":true,"href":"https:\/\/migracao.redenoticia.com.br\/noticia\/wp-json\/wp\/v2\/categories?post=242429"},{"taxonomy":"post_tag","embeddable":true,"href":"https:\/\/migracao.redenoticia.com.br\/noticia\/wp-json\/wp\/v2\/tags?post=242429"}],"curies":[{"name":"wp","href":"https:\/\/api.w.org\/{rel}","templated":true}]}}