{"id":242510,"date":"2024-02-27T16:29:22","date_gmt":"2024-02-27T19:29:22","guid":{"rendered":"https:\/\/www.redenoticia.com.br\/noticia\/?p=242510"},"modified":"2024-02-27T16:29:22","modified_gmt":"2024-02-27T19:29:22","slug":"resumo-abismo-de-paixao-28-02-horacio-aparece-na-casa-de-lucio","status":"publish","type":"post","link":"https:\/\/migracao.redenoticia.com.br\/noticia\/2024\/resumo-abismo-de-paixao-28-02-horacio-aparece-na-casa-de-lucio\/242510","title":{"rendered":"Resumo \u201cAbismo de Paix\u00e3o\u201d 28\/02: Hor\u00e1cio aparece na casa de Lucio"},"content":{"rendered":"<p><img loading=\"lazy\" decoding=\"async\" src=\"https:\/\/migracao.redenoticia.com.br\/noticia\/imagens\/abismo-de-paixao-novela-resumo.jpg\" alt=\"\" width=\"1280\" height=\"720\" class=\"aligncenter size-full wp-image-240071\" srcset=\"https:\/\/migracao.redenoticia.com.br\/noticia\/imagens\/abismo-de-paixao-novela-resumo.jpg 1280w, https:\/\/migracao.redenoticia.com.br\/noticia\/imagens\/abismo-de-paixao-novela-resumo-250x140.jpg 250w, https:\/\/migracao.redenoticia.com.br\/noticia\/imagens\/abismo-de-paixao-novela-resumo-400x225.jpg 400w, https:\/\/migracao.redenoticia.com.br\/noticia\/imagens\/abismo-de-paixao-novela-resumo-768x432.jpg 768w, https:\/\/migracao.redenoticia.com.br\/noticia\/imagens\/abismo-de-paixao-novela-resumo-150x85.jpg 150w\" sizes=\"auto, (max-width: 1280px) 100vw, 1280px\" \/> <\/p>\n<p><strong><em>Resumo da novela \u201cAbismo de Paix\u00e3o\u201d<\/em><\/strong> em 28\/02: no cap\u00edtulo 078(*) da novela, Dami\u00e3o e Lucio se disp\u00f5em a tramitar tudo para o sepultamento de Guadalupe. Elisa chora desconsolada ao lado de Dolores. Dolores comenta com Elisa que um dia ouviu o padre dizer que foi Carmem quem matou Augusto, mas ele a pediu que n\u00e3o dissesse nada, pois se encarregaria de esclarecer esse crime sozinho. Hor\u00e1cio aparece na fazenda Arango e diz a Almerinda que o Padre Guadalupe est\u00e1 morto. Dami\u00e3o liga para Gael e pede que ele volte ao povoado, pois Guadalupe est\u00e1 morto. Um agente do minist\u00e9rio p\u00fablico diz a Elisa que encontrou impress\u00f5es digitais de Hor\u00e1cio na faca que tirou a vida de Guadalupe. Carmem se aproveita disso para espalhar o rumor de que Hor\u00e1cio \u00e9 o assassino, e n\u00e3o ela e Ramiro como uns disseram.<\/p>\n<p>Bet\u00e2nia decide ir embora do povoado, e escreve uma carta para Henrique explicando os seus motivos, j\u00e1 que n\u00e3o suporta estar na boca de todo povoado. Gael chega a igreja e pede a Almerinda que deixe ele se despedir a s\u00f3s de Guadalupe, j\u00e1 que ele era como seu pai. Almerinda se retira e Gael come\u00e7a a se lembrar de todos os momentos felizes que passaram juntos. Desconsolado, Gael abra\u00e7a Elisa, que o consola. Dami\u00e3o recorda a Gael que ele n\u00e3o est\u00e1 sozinho, pois s\u00e3o irm\u00e3os. Padre Guadalupe visita um sonho de Ramona e a pede que termine com a miss\u00e3o de desmascarar Carmem. Hor\u00e1cio aparece na casa de Lucio e avisa Dolores que n\u00e3o foi ele quem matou Guadalupe.<\/p>\n<p>Hor\u00e1cio d\u00e1 uma bofetada em Dolores porque ela tenta chamar a pol\u00edcia. Br\u00e1ulio e Lucio chegam e se deparam com ela estirada no ch\u00e3o. Dolores recobra os sentidos e os diz que Hor\u00e1cio esteve al. Ela diz que ele \u00e9 uma pessoa m\u00e1 que n\u00e3o merece nada de bom, mas n\u00e3o acredita que ele tenha sido capaz de matar Guadalupe. Ramiro convence Carmem a investir o dinheiro da venda de sua parte na fazenda na compra de a\u00e7\u00f5es da processadora Arango. Ramiro diz a Almerinda que j\u00e1 tem o dinheiro para a compra das a\u00e7\u00f5es. Ela pede para que ele deposite antes de eles seguirem falando, pois n\u00e3o confia nele. Na processadora Castanhon, v\u00e1rias maquinas come\u00e7am a apresentar defeito, sem que os t\u00e9cnicos saibam o motivo. Elisa diz a Dami\u00e3o que aceita ser acionista da processadora Arango, mas com a condi\u00e7\u00e3o de que a rela\u00e7\u00e3o deles seja apenas profissional.<\/p>\n<p>(*) edi\u00e7\u00e3o das novelas do SBT, \u201cAbismo de Paix\u00e3o\u201d, sujeito a altera\u00e7\u00e3o de data e conte\u00fado.<\/p>\n<p>Sinopse \u201cAbismo de Paix\u00e3o\u201d: Almerinda, temendo a reaproxima\u00e7\u00e3o de Dami\u00e3o e Elisa, come\u00e7a a pressionar seu filho pra que ele se case o mais r\u00e1pido poss\u00edvel e retorne \u00e0 It\u00e1lia. Dami\u00e3o termina seu noivado com Flor\u00eancia assim que percebe que est\u00e1 apaixonado por Elisa e os dois planejam se casar escondido de suas fam\u00edlias. Augusto descobre o romance clandestino dos dois e n\u00e3o est\u00e1 disposto a aceitar o filho do amante de sua esposa como seu genro. <\/p>\n<p>Ele amea\u00e7a Elisa de matar Dami\u00e3o caso eles continuem juntos e Elisa decide se sacrificar pela vida de seu amado e termina sua rela\u00e7\u00e3o; e para que Dami\u00e3o pare de insistir, se d\u00e1 uma oportunidade com Gael, que confessou que sempre esteve apaixonado por ela. Essa decis\u00e3o al\u00e9m de abalar a amizade entre Dami\u00e3o e Gael, tamb\u00e9m abala a amizade entre Paloma e Elisa, j\u00e1 que Paloma sempre esteve apaixonada por Gael.<\/p>\n","protected":false},"excerpt":{"rendered":"<p>Resumo da novela \u201cAbismo de Paix\u00e3o\u201d em 28\/02: no cap\u00edtulo 078(*) da novela, Dami\u00e3o e Lucio se disp\u00f5em a tramitar tudo para o sepultamento de Guadalupe. Elisa chora desconsolada ao lado de Dolores. Dolores comenta com Elisa que um dia ouviu o padre dizer que foi Carmem quem matou Augusto, mas ele a pediu que [&hellip;]<\/p>\n","protected":false},"author":5,"featured_media":240070,"comment_status":"closed","ping_status":"closed","sticky":false,"template":"","format":"standard","meta":{"tdm_status":"","tdm_grid_status":"","footnotes":""},"categories":[2321,379,2025,372,343],"tags":[441],"class_list":{"0":"post-242510","1":"post","2":"type-post","3":"status-publish","4":"format-standard","5":"has-post-thumbnail","7":"category-abismo-de-paixao","8":"category-novelas","9":"category-resumo","10":"category-sbt","11":"category-televisao","12":"tag-resumo-do-dia"},"_links":{"self":[{"href":"https:\/\/migracao.redenoticia.com.br\/noticia\/wp-json\/wp\/v2\/posts\/242510","targetHints":{"allow":["GET"]}}],"collection":[{"href":"https:\/\/migracao.redenoticia.com.br\/noticia\/wp-json\/wp\/v2\/posts"}],"about":[{"href":"https:\/\/migracao.redenoticia.com.br\/noticia\/wp-json\/wp\/v2\/types\/post"}],"author":[{"embeddable":true,"href":"https:\/\/migracao.redenoticia.com.br\/noticia\/wp-json\/wp\/v2\/users\/5"}],"replies":[{"embeddable":true,"href":"https:\/\/migracao.redenoticia.com.br\/noticia\/wp-json\/wp\/v2\/comments?post=242510"}],"version-history":[{"count":0,"href":"https:\/\/migracao.redenoticia.com.br\/noticia\/wp-json\/wp\/v2\/posts\/242510\/revisions"}],"wp:featuredmedia":[{"embeddable":true,"href":"https:\/\/migracao.redenoticia.com.br\/noticia\/wp-json\/wp\/v2\/media\/240070"}],"wp:attachment":[{"href":"https:\/\/migracao.redenoticia.com.br\/noticia\/wp-json\/wp\/v2\/media?parent=242510"}],"wp:term":[{"taxonomy":"category","embeddable":true,"href":"https:\/\/migracao.redenoticia.com.br\/noticia\/wp-json\/wp\/v2\/categories?post=242510"},{"taxonomy":"post_tag","embeddable":true,"href":"https:\/\/migracao.redenoticia.com.br\/noticia\/wp-json\/wp\/v2\/tags?post=242510"}],"curies":[{"name":"wp","href":"https:\/\/api.w.org\/{rel}","templated":true}]}}