{"id":242605,"date":"2024-02-29T20:33:13","date_gmt":"2024-02-29T23:33:13","guid":{"rendered":"https:\/\/www.redenoticia.com.br\/noticia\/?p=242605"},"modified":"2024-02-29T20:33:13","modified_gmt":"2024-02-29T23:33:13","slug":"resumo-fuzue-01-03-ultimo-capitulo","status":"publish","type":"post","link":"https:\/\/migracao.redenoticia.com.br\/noticia\/2024\/resumo-fuzue-01-03-ultimo-capitulo\/242605","title":{"rendered":"Resumo \u201cFuzu\u00ea\u201d 01\/03: \u00faltimo cap\u00edtulo"},"content":{"rendered":"<p> <img loading=\"lazy\" decoding=\"async\" src=\"https:\/\/migracao.redenoticia.com.br\/noticia\/imagens\/fuzue-novela-resumo-elenco-globo.jpg\" alt=\"\" width=\"1280\" height=\"720\" class=\"aligncenter size-full wp-image-235541\" srcset=\"https:\/\/migracao.redenoticia.com.br\/noticia\/imagens\/fuzue-novela-resumo-elenco-globo.jpg 1280w, https:\/\/migracao.redenoticia.com.br\/noticia\/imagens\/fuzue-novela-resumo-elenco-globo-250x140.jpg 250w, https:\/\/migracao.redenoticia.com.br\/noticia\/imagens\/fuzue-novela-resumo-elenco-globo-400x225.jpg 400w, https:\/\/migracao.redenoticia.com.br\/noticia\/imagens\/fuzue-novela-resumo-elenco-globo-768x432.jpg 768w, https:\/\/migracao.redenoticia.com.br\/noticia\/imagens\/fuzue-novela-resumo-elenco-globo-150x84.jpg 150w\" sizes=\"auto, (max-width: 1280px) 100vw, 1280px\" \/> <\/p>\n<p><strong><em>Resumo da novela \u201cFuzu\u00ea\u201d<\/em><\/strong> em 01\/03: o resumo completo do cap\u00edtulo 173(*) da novela n\u00e3o ser\u00e1 divulgado, mas algumas cenas foram divulgada. Luna anuncia gravidez e surpreende Miguel e Maria Navalha. Futuros papai e av\u00f3 se emocionam com a not\u00edcia. Preciosa e C\u00e9sar n\u00e3o se d\u00e3o por vencidos&#8230; No \u00faltimo cap\u00edtulo, pai e filha v\u00e3o arquitetar um novo plano para roubar as rel\u00edquias pertencentes a Luna e Maria Navalha. Eles v\u00e3o se aproveitar de uma exposi\u00e7\u00e3o organizada pela artes\u00e3. \u201cV\u00e3o organizar uma exposi\u00e7\u00e3o das rel\u00edquias e joias da Dama de Ouro. Voc\u00ea sabe o que isso significa?\u201d, pergunta C\u00e9sar a Preciosa, todo empolgado. \u201cQue a Luna e a Maria v\u00e3o tirar todas aquelas maravilhas do cofre do banco para expor?\u201d, reage Preciosa, j\u00e1 entendendo tudo. <\/p>\n<p>\u201cSim! O dinheiro escapou, mas essa \u00e9 a nossa \u00faltima oportunidade de pegar o que restou do tesouro. De recuperar aquilo que \u00e9 nosso!\u201d, afirma ele. Preciosa, ent\u00e3o, vai querer saber como C\u00e9sar pretende roubar as rel\u00edquias durante a exposi\u00e7\u00e3o. \u201cVoc\u00ea acha mesmo que consegue fazer isso, papai? Roubar as rel\u00edquias da Dama de Ouro durante a exposi\u00e7\u00e3o que a Luna vai fazer?\u201d \u201c\u00c9 arriscado, mas eu vou ter tempo de planejar, estudar as instala\u00e7\u00f5es do museu. A exposi\u00e7\u00e3o s\u00f3 vai acontecer daqui a alguns meses. E, ent\u00e3o, eu posso contar com voc\u00ea?\u201d, pergunta o vil\u00e3o. <\/p>\n<p>\u201cClaro, papai. Vai ser um segredo s\u00f3 nosso\u201d, responde a vil\u00e3. Um tempo depois, pai e filha v\u00e3o ver Luna falando sobre a exposi\u00e7\u00e3o na TV, e C\u00e9sar vai explicar como eles v\u00e3o agir. \u201cAs rel\u00edquias s\u00f3 chegam amanh\u00e3 de manh\u00e3, quase na hora da exposi\u00e7\u00e3o. Eu estou por dentro de tudo do museu, n\u00e3o vamos nos precipitar! Vamos seguir com o nosso plano. E tudo vai dar certo.\u201d<\/p>\n<p>(*) edi\u00e7\u00e3o das novelas da Globo, \u201cFuzu\u00ea\u201d, sujeito a altera\u00e7\u00e3o de data e conte\u00fado.<\/p>\n<p>Sinopse \u201cFuzu\u00ea\u201d: Luna (Giovana Cordeiro) \u00e9 uma jovem carism\u00e1tica e batalhadora que se empenha em procurar sua m\u00e3e, Maria Navalha (Ol\u00edvia Ara\u00fajo), vista pela \u00faltima vez na loja Fuzu\u00ea. Durante a investiga\u00e7\u00e3o, Luna se apaixona pelo advogado Miguel (Nicolas Prattes), um dos filhos do empres\u00e1rio e ex-feirante Nero (Edson Celulari), dono da \u201cFuzu\u00ea\u201d. Miguel disputa o amor de Luna com Jefinho Sem Vergonha (Micael Borges), um motorista de aplicativo. Luna tem como sua melhor amiga Soraya Terremoto (Heslaine Vieira), dan\u00e7arina do Beco do Gamb\u00e1, que vive uma rela\u00e7\u00e3o calorosa com Francisco (Michel Joelsas), um dos herdeiros da Fuzu\u00ea, e rejeita as investidas de Merreca (Ruan Aguiar).<\/p>\n<p>Enquanto isso, a gananciosa Preciosa Montebello (Marina Ruy Barbosa), uma poderosa empres\u00e1ria, casada com o corrupto pol\u00edtico Heitor (Felipe Simas), recebe como heran\u00e7a do pai, C\u00e9sar (Leopoldo Pacheco), documentos que indicam a localiza\u00e7\u00e3o de uma fortuna escondida nos terrenos da Fuzu\u00ea. Em meio \u00e0 papelada descobre a exist\u00eancia de uma meia-irm\u00e3, Luna, com quem ela deve dividir o seu patrim\u00f4nio. Preciosa faz o poss\u00edvel para comprar e demolir a loja \u201cFuzu\u00ea\u201d.<\/p>\n","protected":false},"excerpt":{"rendered":"<p>Resumo da novela \u201cFuzu\u00ea\u201d em 01\/03: o resumo completo do cap\u00edtulo 173(*) da novela n\u00e3o ser\u00e1 divulgado, mas algumas cenas foram divulgada. Luna anuncia gravidez e surpreende Miguel e Maria Navalha. Futuros papai e av\u00f3 se emocionam com a not\u00edcia. Preciosa e C\u00e9sar n\u00e3o se d\u00e3o por vencidos&#8230; No \u00faltimo cap\u00edtulo, pai e filha v\u00e3o [&hellip;]<\/p>\n","protected":false},"author":3,"featured_media":235540,"comment_status":"closed","ping_status":"closed","sticky":false,"template":"","format":"standard","meta":{"tdm_status":"","tdm_grid_status":"","footnotes":""},"categories":[2314,379,375,2025,343],"tags":[441],"class_list":{"0":"post-242605","1":"post","2":"type-post","3":"status-publish","4":"format-standard","5":"has-post-thumbnail","7":"category-fuzue","8":"category-novelas","9":"category-rede-globo","10":"category-resumo","11":"category-televisao","12":"tag-resumo-do-dia"},"_links":{"self":[{"href":"https:\/\/migracao.redenoticia.com.br\/noticia\/wp-json\/wp\/v2\/posts\/242605","targetHints":{"allow":["GET"]}}],"collection":[{"href":"https:\/\/migracao.redenoticia.com.br\/noticia\/wp-json\/wp\/v2\/posts"}],"about":[{"href":"https:\/\/migracao.redenoticia.com.br\/noticia\/wp-json\/wp\/v2\/types\/post"}],"author":[{"embeddable":true,"href":"https:\/\/migracao.redenoticia.com.br\/noticia\/wp-json\/wp\/v2\/users\/3"}],"replies":[{"embeddable":true,"href":"https:\/\/migracao.redenoticia.com.br\/noticia\/wp-json\/wp\/v2\/comments?post=242605"}],"version-history":[{"count":0,"href":"https:\/\/migracao.redenoticia.com.br\/noticia\/wp-json\/wp\/v2\/posts\/242605\/revisions"}],"wp:featuredmedia":[{"embeddable":true,"href":"https:\/\/migracao.redenoticia.com.br\/noticia\/wp-json\/wp\/v2\/media\/235540"}],"wp:attachment":[{"href":"https:\/\/migracao.redenoticia.com.br\/noticia\/wp-json\/wp\/v2\/media?parent=242605"}],"wp:term":[{"taxonomy":"category","embeddable":true,"href":"https:\/\/migracao.redenoticia.com.br\/noticia\/wp-json\/wp\/v2\/categories?post=242605"},{"taxonomy":"post_tag","embeddable":true,"href":"https:\/\/migracao.redenoticia.com.br\/noticia\/wp-json\/wp\/v2\/tags?post=242605"}],"curies":[{"name":"wp","href":"https:\/\/api.w.org\/{rel}","templated":true}]}}