{"id":242645,"date":"2024-03-03T11:31:57","date_gmt":"2024-03-03T14:31:57","guid":{"rendered":"https:\/\/www.redenoticia.com.br\/noticia\/?p=242645"},"modified":"2024-03-03T14:26:06","modified_gmt":"2024-03-03T17:26:06","slug":"resumo-paraiso-tropical-04-03-virginia-leva-bebel-ao-casamento-de-fred","status":"publish","type":"post","link":"https:\/\/migracao.redenoticia.com.br\/noticia\/2024\/resumo-paraiso-tropical-04-03-virginia-leva-bebel-ao-casamento-de-fred\/242645","title":{"rendered":"Resumo &#8220;Para\u00edso Tropical&#8221; 04\/03: Virg\u00ednia leva Bebel ao casamento de Fred"},"content":{"rendered":"<p> <img loading=\"lazy\" decoding=\"async\" src=\"https:\/\/migracao.redenoticia.com.br\/noticia\/imagens\/paraiso-tropical-resumo-elenco.jpg\" alt=\"\" width=\"1280\" height=\"720\" class=\"aligncenter size-full wp-image-240065\" srcset=\"https:\/\/migracao.redenoticia.com.br\/noticia\/imagens\/paraiso-tropical-resumo-elenco.jpg 1280w, https:\/\/migracao.redenoticia.com.br\/noticia\/imagens\/paraiso-tropical-resumo-elenco-250x140.jpg 250w, https:\/\/migracao.redenoticia.com.br\/noticia\/imagens\/paraiso-tropical-resumo-elenco-400x225.jpg 400w, https:\/\/migracao.redenoticia.com.br\/noticia\/imagens\/paraiso-tropical-resumo-elenco-768x432.jpg 768w, https:\/\/migracao.redenoticia.com.br\/noticia\/imagens\/paraiso-tropical-resumo-elenco-150x85.jpg 150w\" sizes=\"auto, (max-width: 1280px) 100vw, 1280px\" \/> <\/p>\n<p><em><strong>Resumo da novela &#8220;Para\u00edso Tropical&#8221;<\/strong><\/em> em 04\/03: no cap\u00edtulo 070(*) da novela, Ta\u00eds pede sua parte na indeniza\u00e7\u00e3o, que julga ter direito, para recome\u00e7ar nova vida. Mateus beija Tatiana. Isidoro promete pensar na proposta de Ta\u00eds. L\u00facia repreende Ivan por causa do roubo do barco. Ivan pede desculpas a Mateus. Ivan conta para L\u00facia e Paula que Marion teve um caso com Xavier, mas que ele desconfiou que Ivan n\u00e3o era filho dele. <\/p>\n<p>Ivan conta ainda que \u00e9 filho de um ex-motorista da m\u00e3e, que foi criado por Alcides que jamais o aceitou. Olavo diz a Xavier que o perdoou, mas que jamais vai perdoar Marion, pois seu pai morreu por causa dela. L\u00facia convida Ivan para trabalhar com ela. J\u00e1der ouve Olavo marcando encontro com Alice. Bebel conta para Virg\u00ednia e Belis\u00e1rio que Olavo \u00e9 seu protetor. Urbano convida Marion para ir ao casamento de Fred com ele. <\/p>\n<p>Ta\u00eds diz que Ivan precisa aceitar a oferta de L\u00facia. J\u00e1der marca encontro com Bebel em frente ao Duvivier. Bebel v\u00ea Olavo entrando com Alice. J\u00e1der diz que Olavo vai ao casamento de Fred com Alice. Virg\u00ednia decide arrumar Bebel e lev\u00e1-la ao casamento. Isidoro conversa com Daniel e Paula sobre o pedido de Ta\u00eds. Os dois desaconselham que ele ceda. Rodrigo entrega o relat\u00f3rio do detetive sobre L\u00facia para Antenor. Isidoro diz a Ta\u00eds que vai conversar primeiro com Clemente e lhe pede para encontr\u00e1-lo depois. Olavo reage ao ver Bebel no casamento.<\/p>\n<p>(*) edi\u00e7\u00e3o das novelas da Globo, &#8220;Para\u00edso Tropical&#8221;, sujeito a altera\u00e7\u00e3o de data e conte\u00fado.<\/p>\n<p>Sinopse &#8220;Para\u00edso Tropical&#8221;: Olavo manda Bebel se encontrar com Paula no aeroporto, fingindo estar indo para a Amaz\u00f4nia trabalhar como recepcionista em um hotel em Manaus. Paula recebe uma liga\u00e7\u00e3o de Daniel, que a ofende por ser a filha de Am\u00e9lia, mas isso n\u00e3o passa de outra armadilha do plano de Olavo, que grampeou o celular de Daniel e editou trechos para formular a ofensa. Decepcionada, Paula decide embarcar para a Amaz\u00f4nia. <\/p>\n<p>Daniel volta para o Rio de Janeiro sem nunca ter entendido o sumi\u00e7o repentino de Paula, que tamb\u00e9m vai ao Rio em busca do seu passado e do seu av\u00f4 biol\u00f3gico. Nas ruas da cidade, Daniel encontra Paula por acaso e ela o trata de maneira r\u00edspida e grosseira. Entretanto, a mo\u00e7a trata-se de Ta\u00eds, mulher sensual, inteligente e ego\u00edsta, irm\u00e3 g\u00eamea de Paula.<\/p>\n","protected":false},"excerpt":{"rendered":"<p>Resumo da novela &#8220;Para\u00edso Tropical&#8221; em 04\/03: no cap\u00edtulo 070(*) da novela, Ta\u00eds pede sua parte na indeniza\u00e7\u00e3o, que julga ter direito, para recome\u00e7ar nova vida. Mateus beija Tatiana. Isidoro promete pensar na proposta de Ta\u00eds. L\u00facia repreende Ivan por causa do roubo do barco. Ivan pede desculpas a Mateus. Ivan conta para L\u00facia e [&hellip;]<\/p>\n","protected":false},"author":5,"featured_media":240064,"comment_status":"closed","ping_status":"closed","sticky":false,"template":"","format":"standard","meta":{"tdm_status":"","tdm_grid_status":"","footnotes":""},"categories":[379,2322,375,2025,343],"tags":[441],"class_list":{"0":"post-242645","1":"post","2":"type-post","3":"status-publish","4":"format-standard","5":"has-post-thumbnail","7":"category-novelas","8":"category-paraiso-tropical","9":"category-rede-globo","10":"category-resumo","11":"category-televisao","12":"tag-resumo-do-dia"},"_links":{"self":[{"href":"https:\/\/migracao.redenoticia.com.br\/noticia\/wp-json\/wp\/v2\/posts\/242645","targetHints":{"allow":["GET"]}}],"collection":[{"href":"https:\/\/migracao.redenoticia.com.br\/noticia\/wp-json\/wp\/v2\/posts"}],"about":[{"href":"https:\/\/migracao.redenoticia.com.br\/noticia\/wp-json\/wp\/v2\/types\/post"}],"author":[{"embeddable":true,"href":"https:\/\/migracao.redenoticia.com.br\/noticia\/wp-json\/wp\/v2\/users\/5"}],"replies":[{"embeddable":true,"href":"https:\/\/migracao.redenoticia.com.br\/noticia\/wp-json\/wp\/v2\/comments?post=242645"}],"version-history":[{"count":0,"href":"https:\/\/migracao.redenoticia.com.br\/noticia\/wp-json\/wp\/v2\/posts\/242645\/revisions"}],"wp:featuredmedia":[{"embeddable":true,"href":"https:\/\/migracao.redenoticia.com.br\/noticia\/wp-json\/wp\/v2\/media\/240064"}],"wp:attachment":[{"href":"https:\/\/migracao.redenoticia.com.br\/noticia\/wp-json\/wp\/v2\/media?parent=242645"}],"wp:term":[{"taxonomy":"category","embeddable":true,"href":"https:\/\/migracao.redenoticia.com.br\/noticia\/wp-json\/wp\/v2\/categories?post=242645"},{"taxonomy":"post_tag","embeddable":true,"href":"https:\/\/migracao.redenoticia.com.br\/noticia\/wp-json\/wp\/v2\/tags?post=242645"}],"curies":[{"name":"wp","href":"https:\/\/api.w.org\/{rel}","templated":true}]}}