{"id":242738,"date":"2024-03-06T15:02:17","date_gmt":"2024-03-06T18:02:17","guid":{"rendered":"https:\/\/www.redenoticia.com.br\/noticia\/?p=242738"},"modified":"2024-03-06T15:02:17","modified_gmt":"2024-03-06T18:02:17","slug":"resumo-elas-por-elas-07-03-marcos-conta-a-isis-sobre-o-casamento-de-cris-e-giovanni","status":"publish","type":"post","link":"https:\/\/migracao.redenoticia.com.br\/noticia\/2024\/resumo-elas-por-elas-07-03-marcos-conta-a-isis-sobre-o-casamento-de-cris-e-giovanni\/242738","title":{"rendered":"Resumo &#8220;Elas por Elas&#8221; 07\/03: Marcos conta a \u00cdsis sobre o casamento de Cris e Giovanni"},"content":{"rendered":"<p> <img loading=\"lazy\" decoding=\"async\" src=\"https:\/\/migracao.redenoticia.com.br\/noticia\/imagens\/elas-por-elas-resumo-elenco-globo.jpg\" alt=\"\" width=\"1280\" height=\"720\" class=\"aligncenter size-full wp-image-237222\" srcset=\"https:\/\/migracao.redenoticia.com.br\/noticia\/imagens\/elas-por-elas-resumo-elenco-globo.jpg 1280w, https:\/\/migracao.redenoticia.com.br\/noticia\/imagens\/elas-por-elas-resumo-elenco-globo-250x140.jpg 250w, https:\/\/migracao.redenoticia.com.br\/noticia\/imagens\/elas-por-elas-resumo-elenco-globo-400x225.jpg 400w, https:\/\/migracao.redenoticia.com.br\/noticia\/imagens\/elas-por-elas-resumo-elenco-globo-768x432.jpg 768w, https:\/\/migracao.redenoticia.com.br\/noticia\/imagens\/elas-por-elas-resumo-elenco-globo-150x84.jpg 150w\" sizes=\"auto, (max-width: 1280px) 100vw, 1280px\" \/><\/p>\n<p><strong><em>Resumo da novela &#8220;Elas por Elas&#8221;<\/em><\/strong> em 07\/03: no cap\u00edtulo 141(*) da novela, Rico conta a Lara que Roberto acusou Ta\u00eds pela morte de \u00c1tila. Nat\u00e1lia se incomoda com a aproxima\u00e7\u00e3o entre Carol e Carlinhos. Marcos observa quando S\u00e9rgio esconde um livro em seu escrit\u00f3rio. Lara e M\u00e1rio enfrentam Roberto. Ta\u00eds desabafa com Raquel e Evil\u00e1sio sobre Pedro. <\/p>\n<p>Marcos conta a \u00cdsis sobre o casamento de Cris e Giovanni. Helena forja \u00e1udios de Jonas, a fim de disfar\u00e7ar seu sequestro. L\u00edgia fala com Giovanni sobre Helena. Marcos provoca Helena, que o agride. Rico explica por que Ta\u00eds est\u00e1 implicada na morte de \u00c1tila. Roberto procura Petr\u00facio no pres\u00eddio.<\/p>\n<p>(*) edi\u00e7\u00e3o das novelas da Globo, &#8220;Elas por Elas&#8221;, sujeito a altera\u00e7\u00e3o de data e conte\u00fado.<\/p>\n<p>Sinopse \u201cElas por Elas\u201d: A trama \u00e9 centrada na hist\u00f3ria de sete amigas dos tempos de col\u00e9gio que n\u00e3o se veem h\u00e1 vinte anos. A mais velha do grupo encontra uma foto das amigas e uma onda de lembran\u00e7as e saudosismo invade sua cabe\u00e7a. Com vontade de reencontr\u00e1-las, ela decide localizar uma por uma e promove uma reuni\u00e3o em sua casa. Todas comparecem ao evento, felizes com o reencontro. No entanto, as lembran\u00e7as do passado e coincid\u00eancias do presente v\u00eam \u00e0 tona, afetando novamente a vida de todas do grupo.<\/p>\n","protected":false},"excerpt":{"rendered":"<p>Resumo da novela &#8220;Elas por Elas&#8221; em 07\/03: no cap\u00edtulo 141(*) da novela, Rico conta a Lara que Roberto acusou Ta\u00eds pela morte de \u00c1tila. Nat\u00e1lia se incomoda com a aproxima\u00e7\u00e3o entre Carol e Carlinhos. Marcos observa quando S\u00e9rgio esconde um livro em seu escrit\u00f3rio. Lara e M\u00e1rio enfrentam Roberto. Ta\u00eds desabafa com Raquel e [&hellip;]<\/p>\n","protected":false},"author":4,"featured_media":237224,"comment_status":"closed","ping_status":"closed","sticky":false,"template":"","format":"standard","meta":{"tdm_status":"","tdm_grid_status":"","footnotes":""},"categories":[2318,379,375,2025,343],"tags":[441],"class_list":{"0":"post-242738","1":"post","2":"type-post","3":"status-publish","4":"format-standard","5":"has-post-thumbnail","7":"category-elas-por-elas","8":"category-novelas","9":"category-rede-globo","10":"category-resumo","11":"category-televisao","12":"tag-resumo-do-dia"},"_links":{"self":[{"href":"https:\/\/migracao.redenoticia.com.br\/noticia\/wp-json\/wp\/v2\/posts\/242738","targetHints":{"allow":["GET"]}}],"collection":[{"href":"https:\/\/migracao.redenoticia.com.br\/noticia\/wp-json\/wp\/v2\/posts"}],"about":[{"href":"https:\/\/migracao.redenoticia.com.br\/noticia\/wp-json\/wp\/v2\/types\/post"}],"author":[{"embeddable":true,"href":"https:\/\/migracao.redenoticia.com.br\/noticia\/wp-json\/wp\/v2\/users\/4"}],"replies":[{"embeddable":true,"href":"https:\/\/migracao.redenoticia.com.br\/noticia\/wp-json\/wp\/v2\/comments?post=242738"}],"version-history":[{"count":0,"href":"https:\/\/migracao.redenoticia.com.br\/noticia\/wp-json\/wp\/v2\/posts\/242738\/revisions"}],"wp:featuredmedia":[{"embeddable":true,"href":"https:\/\/migracao.redenoticia.com.br\/noticia\/wp-json\/wp\/v2\/media\/237224"}],"wp:attachment":[{"href":"https:\/\/migracao.redenoticia.com.br\/noticia\/wp-json\/wp\/v2\/media?parent=242738"}],"wp:term":[{"taxonomy":"category","embeddable":true,"href":"https:\/\/migracao.redenoticia.com.br\/noticia\/wp-json\/wp\/v2\/categories?post=242738"},{"taxonomy":"post_tag","embeddable":true,"href":"https:\/\/migracao.redenoticia.com.br\/noticia\/wp-json\/wp\/v2\/tags?post=242738"}],"curies":[{"name":"wp","href":"https:\/\/api.w.org\/{rel}","templated":true}]}}