{"id":242740,"date":"2024-03-06T15:04:39","date_gmt":"2024-03-06T18:04:39","guid":{"rendered":"https:\/\/www.redenoticia.com.br\/noticia\/?p=242740"},"modified":"2024-03-06T15:04:39","modified_gmt":"2024-03-06T18:04:39","slug":"resumo-familia-e-tudo-07-03-frida-nao-e-encontrada-no-navio","status":"publish","type":"post","link":"https:\/\/migracao.redenoticia.com.br\/noticia\/2024\/resumo-familia-e-tudo-07-03-frida-nao-e-encontrada-no-navio\/242740","title":{"rendered":"Resumo &#8220;Fam\u00edlia \u00e9 Tudo&#8221; 07\/03: Frida n\u00e3o \u00e9 encontrada no navio"},"content":{"rendered":"<p> <img loading=\"lazy\" decoding=\"async\" src=\"https:\/\/migracao.redenoticia.com.br\/noticia\/imagens\/novela-familia-e-tudo-resumo.jpg\" alt=\"\" width=\"1280\" height=\"720\" class=\"aligncenter size-full wp-image-242619\" srcset=\"https:\/\/migracao.redenoticia.com.br\/noticia\/imagens\/novela-familia-e-tudo-resumo.jpg 1280w, https:\/\/migracao.redenoticia.com.br\/noticia\/imagens\/novela-familia-e-tudo-resumo-250x140.jpg 250w, https:\/\/migracao.redenoticia.com.br\/noticia\/imagens\/novela-familia-e-tudo-resumo-400x225.jpg 400w, https:\/\/migracao.redenoticia.com.br\/noticia\/imagens\/novela-familia-e-tudo-resumo-768x432.jpg 768w, https:\/\/migracao.redenoticia.com.br\/noticia\/imagens\/novela-familia-e-tudo-resumo-150x85.jpg 150w\" sizes=\"auto, (max-width: 1280px) 100vw, 1280px\" \/><\/p>\n<p><strong><em>Resumo da novela &#8220;Fam\u00edlia \u00e9 Tudo&#8221;<\/em><\/strong> em 07\/03: no cap\u00edtulo 004(*) da novela, Frida consegue se livrar do acidente, mas acaba desmaiando. Mathias entrega a procura\u00e7\u00e3o para V\u00eanus. Tom tem uma ideia para se reaproximar de V\u00eanus. Hans ajuda Catarina e abandona a tia. Frida recupera a consci\u00eancia e ajuda pessoas no navio. Hans \u00e9 for\u00e7ado a procurar pela tia. Frida v\u00ea o sobrinho e pede ajuda. Electra sofre com a desconfian\u00e7a de Nanda. <\/p>\n<p>Murilo avisa a Electra para n\u00e3o se aproximar de Luca. Hans garante a Catarina que Frida est\u00e1 bem. Andr\u00f4meda invade o palco de um programa TV e \u00e9 muito vaiada. Frida n\u00e3o \u00e9 encontrada no navio. Leda exige que J\u00fapiter termine o relacionamento com Carla e Fl\u00e1via. Electra procura Luca. Tom vai \u00e0 Funda\u00e7\u00e3o falar com V\u00eanus. Catarina informa a V\u00eanus que Frida est\u00e1 desaparecida.<\/p>\n<p>(*) edi\u00e7\u00e3o das novelas da Globo, &#8220;Fam\u00edlia \u00e9 Tudo&#8221;, sujeito a altera\u00e7\u00e3o de data e conte\u00fado.<\/p>\n<p>Sinopse &#8220;Fam\u00edlia \u00e9 Tudo&#8221;: Frida Mancini, dona da gravadora Mancini Music, tem cinco netos e ela sonha reunir novamente o cl\u00e3 &#8211; um desejo que compartilha com V\u00eanus, a mais velha entre os irm\u00e3os. Confiante, Frida organiza um cruzeiro para celebrar seu anivers\u00e1rio e o de sua irm\u00e3 g\u00eamea, Catarina. Mas em meio a rusgas e arma\u00e7\u00f5es, quando os netos n\u00e3o comparecem, ela embarca com a irm\u00e3 e o sobrinho Hans. <\/p>\n<p>Seu sumi\u00e7o durante a viagem \u00e9 o ponto de partida para a com\u00e9dia rom\u00e2ntica. Ao ser dada como morta, Frida surpreende a todos com um testamento. Os netos v\u00e3o encarar uma miss\u00e3o que transformar\u00e1 suas vidas. Ao final de um ano, se o desempenho dos irm\u00e3os n\u00e3o for satisfat\u00f3rio, a heran\u00e7a ser\u00e1 entregue a Hans.<\/p>\n","protected":false},"excerpt":{"rendered":"<p>Resumo da novela &#8220;Fam\u00edlia \u00e9 Tudo&#8221; em 07\/03: no cap\u00edtulo 004(*) da novela, Frida consegue se livrar do acidente, mas acaba desmaiando. Mathias entrega a procura\u00e7\u00e3o para V\u00eanus. Tom tem uma ideia para se reaproximar de V\u00eanus. Hans ajuda Catarina e abandona a tia. Frida recupera a consci\u00eancia e ajuda pessoas no navio. Hans \u00e9 [&hellip;]<\/p>\n","protected":false},"author":3,"featured_media":242618,"comment_status":"closed","ping_status":"closed","sticky":false,"template":"","format":"standard","meta":{"tdm_status":"","tdm_grid_status":"","footnotes":""},"categories":[2324,379,375,2025,343],"tags":[441],"class_list":{"0":"post-242740","1":"post","2":"type-post","3":"status-publish","4":"format-standard","5":"has-post-thumbnail","7":"category-familia-e-tudo","8":"category-novelas","9":"category-rede-globo","10":"category-resumo","11":"category-televisao","12":"tag-resumo-do-dia"},"_links":{"self":[{"href":"https:\/\/migracao.redenoticia.com.br\/noticia\/wp-json\/wp\/v2\/posts\/242740","targetHints":{"allow":["GET"]}}],"collection":[{"href":"https:\/\/migracao.redenoticia.com.br\/noticia\/wp-json\/wp\/v2\/posts"}],"about":[{"href":"https:\/\/migracao.redenoticia.com.br\/noticia\/wp-json\/wp\/v2\/types\/post"}],"author":[{"embeddable":true,"href":"https:\/\/migracao.redenoticia.com.br\/noticia\/wp-json\/wp\/v2\/users\/3"}],"replies":[{"embeddable":true,"href":"https:\/\/migracao.redenoticia.com.br\/noticia\/wp-json\/wp\/v2\/comments?post=242740"}],"version-history":[{"count":0,"href":"https:\/\/migracao.redenoticia.com.br\/noticia\/wp-json\/wp\/v2\/posts\/242740\/revisions"}],"wp:featuredmedia":[{"embeddable":true,"href":"https:\/\/migracao.redenoticia.com.br\/noticia\/wp-json\/wp\/v2\/media\/242618"}],"wp:attachment":[{"href":"https:\/\/migracao.redenoticia.com.br\/noticia\/wp-json\/wp\/v2\/media?parent=242740"}],"wp:term":[{"taxonomy":"category","embeddable":true,"href":"https:\/\/migracao.redenoticia.com.br\/noticia\/wp-json\/wp\/v2\/categories?post=242740"},{"taxonomy":"post_tag","embeddable":true,"href":"https:\/\/migracao.redenoticia.com.br\/noticia\/wp-json\/wp\/v2\/tags?post=242740"}],"curies":[{"name":"wp","href":"https:\/\/api.w.org\/{rel}","templated":true}]}}