{"id":242764,"date":"2024-03-07T16:41:44","date_gmt":"2024-03-07T19:41:44","guid":{"rendered":"https:\/\/www.redenoticia.com.br\/noticia\/?p=242764"},"modified":"2024-03-07T16:41:44","modified_gmt":"2024-03-07T19:41:44","slug":"resumo-abismo-de-paixao-08-03-elisa-e-damiao-assinam-a-sociedade","status":"publish","type":"post","link":"https:\/\/migracao.redenoticia.com.br\/noticia\/2024\/resumo-abismo-de-paixao-08-03-elisa-e-damiao-assinam-a-sociedade\/242764","title":{"rendered":"Resumo \u201cAbismo de Paix\u00e3o\u201d 08\/03: Elisa e Dami\u00e3o assinam a sociedade"},"content":{"rendered":"<p> <img loading=\"lazy\" decoding=\"async\" src=\"https:\/\/migracao.redenoticia.com.br\/noticia\/imagens\/abismo-de-paixao-novela-resumo.jpg\" alt=\"\" width=\"1280\" height=\"720\" class=\"aligncenter size-full wp-image-240071\" srcset=\"https:\/\/migracao.redenoticia.com.br\/noticia\/imagens\/abismo-de-paixao-novela-resumo.jpg 1280w, https:\/\/migracao.redenoticia.com.br\/noticia\/imagens\/abismo-de-paixao-novela-resumo-250x140.jpg 250w, https:\/\/migracao.redenoticia.com.br\/noticia\/imagens\/abismo-de-paixao-novela-resumo-400x225.jpg 400w, https:\/\/migracao.redenoticia.com.br\/noticia\/imagens\/abismo-de-paixao-novela-resumo-768x432.jpg 768w, https:\/\/migracao.redenoticia.com.br\/noticia\/imagens\/abismo-de-paixao-novela-resumo-150x85.jpg 150w\" sizes=\"auto, (max-width: 1280px) 100vw, 1280px\" \/> <\/p>\n<p><strong><em>Resumo da novela \u201cAbismo de Paix\u00e3o\u201d<\/em><\/strong> em 08\/03: no cap\u00edtulo 085(*) da novela, na processadora Castanhon, v\u00e1rias maquinas come\u00e7am a apresentar defeito, sem que os t\u00e9cnicos saibam o motivo. Elisa diz a Dami\u00e3o que aceita ser acionista da processadora Arango, mas com a condi\u00e7\u00e3o de que a rela\u00e7\u00e3o deles seja apenas profissional. Num restaurante do povoado, Elisa e Dami\u00e3o est\u00e3o comendo e, ao ver Gael e Paloma entrarem, demonstram seu amor. Hor\u00e1cio est\u00e1 escondido na casa azul, lamentando o que fez a Dolores. Dolores fica assustada, pois teme que Hor\u00e1cio volte a procur\u00e1-la. Paloma pede a Edmundo que a permita voltar a trabalhar, ainda que a pague menos. Flor\u00eancia pergunta a Paloma como foi sua lua de mel. Ela responde que Gael n\u00e3o foi capaz de esquecer Elisa. Hor\u00e1cio tenta levar Dolores com ele, mas ela resiste. <\/p>\n<p>Br\u00e1ulio pede que a deixe em paz, j\u00e1 que Dolores n\u00e3o o ama. Hor\u00e1cio insiste em levar Dolores, mas ela resiste e grita, dizendo amar Br\u00e1ulio. Almerinda pede a Lucio que a ajude a vingar se de Ramiro. Lucio a aconselha a pensar bem, pois ela sabe que esteve errada quanto a Estef\u00e2nia e Elisa. Elisa enfrenta Carmem deixando claro que ela n\u00e3o deve voltar a se meter com Dami\u00e3o. Almerinda se lembra que as \u00faltimas palavras de Guadalupe foram para uma uni\u00e3o entre Elisa e Dami\u00e3o. Ela procura a garota para lhe pedir que se case com seu filho. Gael pede a Elisa que n\u00e3o se associe a Dami\u00e3o, j\u00e1 que eles lutaram juntos para levantar a processadora e n\u00e3o \u00e9 justo que Dami\u00e3o chegue apenas para mandar. Elisa o lembra que essa decis\u00e3o n\u00e3o \u00e9 dele. Br\u00e1ulio pede permiss\u00e3o a Elisa para ficar e dormir na fazenda por uns dias, a fim de proteg\u00ea-las de Hor\u00e1cio. Gael implora a Elisa para que volte com ele, pois a ama e pensa em deixar Paloma. <\/p>\n<p>Elisa o lembra que ser\u00e1 papai, e n\u00e3o pode abandonar Paloma nessa circunst\u00e2ncia. Ramiro entrega um cheque a Almerinda para que firmem seu contrato de sociedade, mas ela o responde que jamais ser\u00e1 seu s\u00f3cio, pois s\u00f3 queria recuperar o que foi roubado de Paulo. Carmem flagra Ramiro no momento em que ele pensa em tirar a pr\u00f3pria vida e evita o suic\u00eddio. Ramiro diz a Carmem que eles est\u00e3o na mais absoluta mis\u00e9ria. Elisa e Dami\u00e3o assinam a sociedade e pensam em se casar para tornar as processadoras familiares. Dami\u00e3o procura Gael para convid\u00e1-lo com Paloma para o jantar de compromisso entre ele e Elisa. Gael afirma que Dami\u00e3o n\u00e3o se casar\u00e1 com Elisa. Hor\u00e1cio agradece a Ant\u00f4nia por sua ajuda e deixa a fazenda Arango.<\/p>\n<p>(*) edi\u00e7\u00e3o das novelas do SBT, \u201cAbismo de Paix\u00e3o\u201d, sujeito a altera\u00e7\u00e3o de data e conte\u00fado.<\/p>\n<p>Sinopse \u201cAbismo de Paix\u00e3o\u201d: Almerinda, temendo a reaproxima\u00e7\u00e3o de Dami\u00e3o e Elisa, come\u00e7a a pressionar seu filho pra que ele se case o mais r\u00e1pido poss\u00edvel e retorne \u00e0 It\u00e1lia. Dami\u00e3o termina seu noivado com Flor\u00eancia assim que percebe que est\u00e1 apaixonado por Elisa e os dois planejam se casar escondido de suas fam\u00edlias. Augusto descobre o romance clandestino dos dois e n\u00e3o est\u00e1 disposto a aceitar o filho do amante de sua esposa como seu genro. <\/p>\n<p>Ele amea\u00e7a Elisa de matar Dami\u00e3o caso eles continuem juntos e Elisa decide se sacrificar pela vida de seu amado e termina sua rela\u00e7\u00e3o; e para que Dami\u00e3o pare de insistir, se d\u00e1 uma oportunidade com Gael, que confessou que sempre esteve apaixonado por ela. Essa decis\u00e3o al\u00e9m de abalar a amizade entre Dami\u00e3o e Gael, tamb\u00e9m abala a amizade entre Paloma e Elisa, j\u00e1 que Paloma sempre esteve apaixonada por Gael.<\/p>\n","protected":false},"excerpt":{"rendered":"<p>Resumo da novela \u201cAbismo de Paix\u00e3o\u201d em 08\/03: no cap\u00edtulo 085(*) da novela, na processadora Castanhon, v\u00e1rias maquinas come\u00e7am a apresentar defeito, sem que os t\u00e9cnicos saibam o motivo. Elisa diz a Dami\u00e3o que aceita ser acionista da processadora Arango, mas com a condi\u00e7\u00e3o de que a rela\u00e7\u00e3o deles seja apenas profissional. Num restaurante do [&hellip;]<\/p>\n","protected":false},"author":5,"featured_media":240070,"comment_status":"closed","ping_status":"closed","sticky":false,"template":"","format":"standard","meta":{"tdm_status":"","tdm_grid_status":"","footnotes":""},"categories":[2321,379,2025,372,343],"tags":[441],"class_list":{"0":"post-242764","1":"post","2":"type-post","3":"status-publish","4":"format-standard","5":"has-post-thumbnail","7":"category-abismo-de-paixao","8":"category-novelas","9":"category-resumo","10":"category-sbt","11":"category-televisao","12":"tag-resumo-do-dia"},"_links":{"self":[{"href":"https:\/\/migracao.redenoticia.com.br\/noticia\/wp-json\/wp\/v2\/posts\/242764","targetHints":{"allow":["GET"]}}],"collection":[{"href":"https:\/\/migracao.redenoticia.com.br\/noticia\/wp-json\/wp\/v2\/posts"}],"about":[{"href":"https:\/\/migracao.redenoticia.com.br\/noticia\/wp-json\/wp\/v2\/types\/post"}],"author":[{"embeddable":true,"href":"https:\/\/migracao.redenoticia.com.br\/noticia\/wp-json\/wp\/v2\/users\/5"}],"replies":[{"embeddable":true,"href":"https:\/\/migracao.redenoticia.com.br\/noticia\/wp-json\/wp\/v2\/comments?post=242764"}],"version-history":[{"count":0,"href":"https:\/\/migracao.redenoticia.com.br\/noticia\/wp-json\/wp\/v2\/posts\/242764\/revisions"}],"wp:featuredmedia":[{"embeddable":true,"href":"https:\/\/migracao.redenoticia.com.br\/noticia\/wp-json\/wp\/v2\/media\/240070"}],"wp:attachment":[{"href":"https:\/\/migracao.redenoticia.com.br\/noticia\/wp-json\/wp\/v2\/media?parent=242764"}],"wp:term":[{"taxonomy":"category","embeddable":true,"href":"https:\/\/migracao.redenoticia.com.br\/noticia\/wp-json\/wp\/v2\/categories?post=242764"},{"taxonomy":"post_tag","embeddable":true,"href":"https:\/\/migracao.redenoticia.com.br\/noticia\/wp-json\/wp\/v2\/tags?post=242764"}],"curies":[{"name":"wp","href":"https:\/\/api.w.org\/{rel}","templated":true}]}}