{"id":242793,"date":"2024-03-08T13:31:47","date_gmt":"2024-03-08T16:31:47","guid":{"rendered":"https:\/\/www.redenoticia.com.br\/noticia\/?p=242793"},"modified":"2024-03-08T13:31:47","modified_gmt":"2024-03-08T16:31:47","slug":"resumo-familia-e-tudo-09-03-os-cinco-irmaos-precisam-cumprir-uma-missao","status":"publish","type":"post","link":"https:\/\/migracao.redenoticia.com.br\/noticia\/2024\/resumo-familia-e-tudo-09-03-os-cinco-irmaos-precisam-cumprir-uma-missao\/242793","title":{"rendered":"Resumo &#8220;Fam\u00edlia \u00e9 Tudo&#8221; 09\/03: Os cinco irm\u00e3os precisam cumprir uma miss\u00e3o"},"content":{"rendered":"<p> <img loading=\"lazy\" decoding=\"async\" src=\"https:\/\/migracao.redenoticia.com.br\/noticia\/imagens\/novela-familia-e-tudo-resumo.jpg\" alt=\"\" width=\"1280\" height=\"720\" class=\"aligncenter size-full wp-image-242619\" srcset=\"https:\/\/migracao.redenoticia.com.br\/noticia\/imagens\/novela-familia-e-tudo-resumo.jpg 1280w, https:\/\/migracao.redenoticia.com.br\/noticia\/imagens\/novela-familia-e-tudo-resumo-250x140.jpg 250w, https:\/\/migracao.redenoticia.com.br\/noticia\/imagens\/novela-familia-e-tudo-resumo-400x225.jpg 400w, https:\/\/migracao.redenoticia.com.br\/noticia\/imagens\/novela-familia-e-tudo-resumo-768x432.jpg 768w, https:\/\/migracao.redenoticia.com.br\/noticia\/imagens\/novela-familia-e-tudo-resumo-150x85.jpg 150w\" sizes=\"auto, (max-width: 1280px) 100vw, 1280px\" \/><\/p>\n<p><strong><em>Resumo da novela &#8220;Fam\u00edlia \u00e9 Tudo&#8221;<\/em><\/strong> em 09\/03: no cap\u00edtulo 006(*) da novela, Plut\u00e3o, J\u00fapiter, Andr\u00f4meda e Electra ficam em choque com a not\u00edcia sobre Frida. Brenda comenta com Ram\u00f3n que apoiar\u00e1 uma reconcilia\u00e7\u00e3o entre Paulina e Tom. Lupita afirma para Chantal que encontrou o homem de sua vida. V\u00eanus assina os documentos indicados por Mathias. Tom troca mensagens com V\u00eanus. <\/p>\n<p>Ap\u00f3s dez dias do desaparecimento, a morte presumida de Frida \u00e9 declarada, e V\u00eanus fala com os irm\u00e3os. Os cinco irm\u00e3os comparecem \u00e0 leitura do testamento de Frida. Paulina chega com os filhos, e Tom estranha o seu comportamento afetuoso. O advogado anuncia que os cinco irm\u00e3os ter\u00e3o de cumprir uma miss\u00e3o para ficar com o patrim\u00f4nio de Frida.<\/p>\n<p>(*) edi\u00e7\u00e3o das novelas da Globo, &#8220;Fam\u00edlia \u00e9 Tudo&#8221;, sujeito a altera\u00e7\u00e3o de data e conte\u00fado.<\/p>\n<p>Sinopse &#8220;Fam\u00edlia \u00e9 Tudo&#8221;: Frida Mancini, dona da gravadora Mancini Music, tem cinco netos e ela sonha reunir novamente o cl\u00e3 &#8211; um desejo que compartilha com V\u00eanus, a mais velha entre os irm\u00e3os. Confiante, Frida organiza um cruzeiro para celebrar seu anivers\u00e1rio e o de sua irm\u00e3 g\u00eamea, Catarina. Mas em meio a rusgas e arma\u00e7\u00f5es, quando os netos n\u00e3o comparecem, ela embarca com a irm\u00e3 e o sobrinho Hans. <\/p>\n<p>Seu sumi\u00e7o durante a viagem \u00e9 o ponto de partida para a com\u00e9dia rom\u00e2ntica. Ao ser dada como morta, Frida surpreende a todos com um testamento. Os netos v\u00e3o encarar uma miss\u00e3o que transformar\u00e1 suas vidas. Ao final de um ano, se o desempenho dos irm\u00e3os n\u00e3o for satisfat\u00f3rio, a heran\u00e7a ser\u00e1 entregue a Hans.<\/p>\n","protected":false},"excerpt":{"rendered":"<p>Resumo da novela &#8220;Fam\u00edlia \u00e9 Tudo&#8221; em 09\/03: no cap\u00edtulo 006(*) da novela, Plut\u00e3o, J\u00fapiter, Andr\u00f4meda e Electra ficam em choque com a not\u00edcia sobre Frida. Brenda comenta com Ram\u00f3n que apoiar\u00e1 uma reconcilia\u00e7\u00e3o entre Paulina e Tom. Lupita afirma para Chantal que encontrou o homem de sua vida. V\u00eanus assina os documentos indicados por [&hellip;]<\/p>\n","protected":false},"author":3,"featured_media":242618,"comment_status":"closed","ping_status":"closed","sticky":false,"template":"","format":"standard","meta":{"tdm_status":"","tdm_grid_status":"","footnotes":""},"categories":[2324,379,375,2025,343],"tags":[441],"class_list":{"0":"post-242793","1":"post","2":"type-post","3":"status-publish","4":"format-standard","5":"has-post-thumbnail","7":"category-familia-e-tudo","8":"category-novelas","9":"category-rede-globo","10":"category-resumo","11":"category-televisao","12":"tag-resumo-do-dia"},"_links":{"self":[{"href":"https:\/\/migracao.redenoticia.com.br\/noticia\/wp-json\/wp\/v2\/posts\/242793","targetHints":{"allow":["GET"]}}],"collection":[{"href":"https:\/\/migracao.redenoticia.com.br\/noticia\/wp-json\/wp\/v2\/posts"}],"about":[{"href":"https:\/\/migracao.redenoticia.com.br\/noticia\/wp-json\/wp\/v2\/types\/post"}],"author":[{"embeddable":true,"href":"https:\/\/migracao.redenoticia.com.br\/noticia\/wp-json\/wp\/v2\/users\/3"}],"replies":[{"embeddable":true,"href":"https:\/\/migracao.redenoticia.com.br\/noticia\/wp-json\/wp\/v2\/comments?post=242793"}],"version-history":[{"count":0,"href":"https:\/\/migracao.redenoticia.com.br\/noticia\/wp-json\/wp\/v2\/posts\/242793\/revisions"}],"wp:featuredmedia":[{"embeddable":true,"href":"https:\/\/migracao.redenoticia.com.br\/noticia\/wp-json\/wp\/v2\/media\/242618"}],"wp:attachment":[{"href":"https:\/\/migracao.redenoticia.com.br\/noticia\/wp-json\/wp\/v2\/media?parent=242793"}],"wp:term":[{"taxonomy":"category","embeddable":true,"href":"https:\/\/migracao.redenoticia.com.br\/noticia\/wp-json\/wp\/v2\/categories?post=242793"},{"taxonomy":"post_tag","embeddable":true,"href":"https:\/\/migracao.redenoticia.com.br\/noticia\/wp-json\/wp\/v2\/tags?post=242793"}],"curies":[{"name":"wp","href":"https:\/\/api.w.org\/{rel}","templated":true}]}}