{"id":242808,"date":"2024-03-09T14:03:46","date_gmt":"2024-03-09T17:03:46","guid":{"rendered":"https:\/\/www.redenoticia.com.br\/noticia\/?p=242808"},"modified":"2024-03-09T14:03:46","modified_gmt":"2024-03-09T17:03:46","slug":"resumo-abismo-de-paixao-11-03-horacio-diz-que-carmem-matou-guadalupe","status":"publish","type":"post","link":"https:\/\/migracao.redenoticia.com.br\/noticia\/2024\/resumo-abismo-de-paixao-11-03-horacio-diz-que-carmem-matou-guadalupe\/242808","title":{"rendered":"Resumo \u201cAbismo de Paix\u00e3o\u201d 11\/03: Hor\u00e1cio diz que Carmem matou Guadalupe"},"content":{"rendered":"<p> <img loading=\"lazy\" decoding=\"async\" src=\"https:\/\/migracao.redenoticia.com.br\/noticia\/imagens\/abismo-de-paixao-novela-resumo.jpg\" alt=\"\" width=\"1280\" height=\"720\" class=\"aligncenter size-full wp-image-240071\" srcset=\"https:\/\/migracao.redenoticia.com.br\/noticia\/imagens\/abismo-de-paixao-novela-resumo.jpg 1280w, https:\/\/migracao.redenoticia.com.br\/noticia\/imagens\/abismo-de-paixao-novela-resumo-250x140.jpg 250w, https:\/\/migracao.redenoticia.com.br\/noticia\/imagens\/abismo-de-paixao-novela-resumo-400x225.jpg 400w, https:\/\/migracao.redenoticia.com.br\/noticia\/imagens\/abismo-de-paixao-novela-resumo-768x432.jpg 768w, https:\/\/migracao.redenoticia.com.br\/noticia\/imagens\/abismo-de-paixao-novela-resumo-150x85.jpg 150w\" sizes=\"auto, (max-width: 1280px) 100vw, 1280px\" \/> <\/p>\n<p><strong><em>Resumo da novela \u201cAbismo de Paix\u00e3o\u201d<\/em><\/strong> em 11\/03: no cap\u00edtulo 086(*) da novela, Ant\u00f4nia se assusta quando Hor\u00e1cio entra pedindo para falar com Almerinda, j\u00e1 que n\u00e3o tem dinheiro para fugir do povoado e deseja faz\u00ea-lo levando Dolores consigo. Ant\u00f4nia promete ajud\u00e1-lo. Antonia recomenda que Hor\u00e1cio n\u00e3o procure por Almerinda, pois ela imediatamente o denunciaria a pol\u00edcia. Ramiro pretende procurar Dolores para fazer lhe mal. Carmem encontra Dami\u00e3o e o beija apaixonadamente. Ele exige que ela jamais volte a fazer isso. Ramiro informa Carmem que, ao perseguir Dolores, se deu conta de que quem comprou a fazenda foi Elisa. Carmem fica furiosa e vai atr\u00e1s de Elisa. <\/p>\n<p>Hor\u00e1cio se apresenta no escrit\u00f3rio de Almerinda para pedir-lhe ajuda. Almerinda recusa e diz que chamar\u00e1 a pol\u00edcia, pois ele matou seu irm\u00e3o. Hor\u00e1cio diz que quem matou Guadalupe foi Carmem, e foge. Dami\u00e3o procura Elisa na fazenda para dizer que j\u00e1 est\u00e3o prontos os papeis para a compra das a\u00e7\u00f5es da processadora Arango. Henrique pede a Flor\u00eancia que se deem uma oportunidade. Carmem chega a fazenda Bouvier e exige que Dolores a diga onde est\u00e1 Elisa. Ela responde que a garota foi nadar no lago. Dami\u00e3o est\u00e1 nadando no lago, a espera de Elisa. <\/p>\n<p>Sem que ele perceba, algu\u00e9m chega e come\u00e7a a beij\u00e1-lo. Essa pessoa \u00e9 Carmem. Ao se dar conta disso, Dami\u00e3o exige novamente que Carmem o deixe em paz e a lembra que a \u00fanica coisa que desperta nele \u00e9 pena. Carmem responde que jamais permitir\u00e1 que ele seja feliz com Elisa. Na fazenda, Ramiro agride Dolores, mas Hor\u00e1cio aparece e a defende. Ramiro amea\u00e7a matar Dolores caso Hor\u00e1cio diga algo sobre o assassinato de Guadalupe.<\/p>\n<p>(*) edi\u00e7\u00e3o das novelas do SBT, \u201cAbismo de Paix\u00e3o\u201d, sujeito a altera\u00e7\u00e3o de data e conte\u00fado.<\/p>\n<p>Sinopse \u201cAbismo de Paix\u00e3o\u201d: Almerinda, temendo a reaproxima\u00e7\u00e3o de Dami\u00e3o e Elisa, come\u00e7a a pressionar seu filho pra que ele se case o mais r\u00e1pido poss\u00edvel e retorne \u00e0 It\u00e1lia. Dami\u00e3o termina seu noivado com Flor\u00eancia assim que percebe que est\u00e1 apaixonado por Elisa e os dois planejam se casar escondido de suas fam\u00edlias. Augusto descobre o romance clandestino dos dois e n\u00e3o est\u00e1 disposto a aceitar o filho do amante de sua esposa como seu genro. <\/p>\n<p>Ele amea\u00e7a Elisa de matar Dami\u00e3o caso eles continuem juntos e Elisa decide se sacrificar pela vida de seu amado e termina sua rela\u00e7\u00e3o; e para que Dami\u00e3o pare de insistir, se d\u00e1 uma oportunidade com Gael, que confessou que sempre esteve apaixonado por ela. Essa decis\u00e3o al\u00e9m de abalar a amizade entre Dami\u00e3o e Gael, tamb\u00e9m abala a amizade entre Paloma e Elisa, j\u00e1 que Paloma sempre esteve apaixonada por Gael.<\/p>\n","protected":false},"excerpt":{"rendered":"<p>Resumo da novela \u201cAbismo de Paix\u00e3o\u201d em 11\/03: no cap\u00edtulo 086(*) da novela, Ant\u00f4nia se assusta quando Hor\u00e1cio entra pedindo para falar com Almerinda, j\u00e1 que n\u00e3o tem dinheiro para fugir do povoado e deseja faz\u00ea-lo levando Dolores consigo. Ant\u00f4nia promete ajud\u00e1-lo. Antonia recomenda que Hor\u00e1cio n\u00e3o procure por Almerinda, pois ela imediatamente o denunciaria [&hellip;]<\/p>\n","protected":false},"author":5,"featured_media":240070,"comment_status":"closed","ping_status":"closed","sticky":false,"template":"","format":"standard","meta":{"tdm_status":"","tdm_grid_status":"","footnotes":""},"categories":[2321,379,2025,372,343],"tags":[441],"class_list":{"0":"post-242808","1":"post","2":"type-post","3":"status-publish","4":"format-standard","5":"has-post-thumbnail","7":"category-abismo-de-paixao","8":"category-novelas","9":"category-resumo","10":"category-sbt","11":"category-televisao","12":"tag-resumo-do-dia"},"_links":{"self":[{"href":"https:\/\/migracao.redenoticia.com.br\/noticia\/wp-json\/wp\/v2\/posts\/242808","targetHints":{"allow":["GET"]}}],"collection":[{"href":"https:\/\/migracao.redenoticia.com.br\/noticia\/wp-json\/wp\/v2\/posts"}],"about":[{"href":"https:\/\/migracao.redenoticia.com.br\/noticia\/wp-json\/wp\/v2\/types\/post"}],"author":[{"embeddable":true,"href":"https:\/\/migracao.redenoticia.com.br\/noticia\/wp-json\/wp\/v2\/users\/5"}],"replies":[{"embeddable":true,"href":"https:\/\/migracao.redenoticia.com.br\/noticia\/wp-json\/wp\/v2\/comments?post=242808"}],"version-history":[{"count":0,"href":"https:\/\/migracao.redenoticia.com.br\/noticia\/wp-json\/wp\/v2\/posts\/242808\/revisions"}],"wp:featuredmedia":[{"embeddable":true,"href":"https:\/\/migracao.redenoticia.com.br\/noticia\/wp-json\/wp\/v2\/media\/240070"}],"wp:attachment":[{"href":"https:\/\/migracao.redenoticia.com.br\/noticia\/wp-json\/wp\/v2\/media?parent=242808"}],"wp:term":[{"taxonomy":"category","embeddable":true,"href":"https:\/\/migracao.redenoticia.com.br\/noticia\/wp-json\/wp\/v2\/categories?post=242808"},{"taxonomy":"post_tag","embeddable":true,"href":"https:\/\/migracao.redenoticia.com.br\/noticia\/wp-json\/wp\/v2\/tags?post=242808"}],"curies":[{"name":"wp","href":"https:\/\/api.w.org\/{rel}","templated":true}]}}