{"id":242816,"date":"2024-03-09T14:08:49","date_gmt":"2024-03-09T17:08:49","guid":{"rendered":"https:\/\/www.redenoticia.com.br\/noticia\/?p=242816"},"modified":"2024-03-09T14:08:49","modified_gmt":"2024-03-09T17:08:49","slug":"resumo-paraiso-tropical-11-03-herminia-reprova-o-comportamento-de-mateus","status":"publish","type":"post","link":"https:\/\/migracao.redenoticia.com.br\/noticia\/2024\/resumo-paraiso-tropical-11-03-herminia-reprova-o-comportamento-de-mateus\/242816","title":{"rendered":"Resumo &#8220;Para\u00edso Tropical&#8221; 11\/03: Herm\u00ednia reprova o comportamento de Mateus"},"content":{"rendered":"<p><img loading=\"lazy\" decoding=\"async\" src=\"https:\/\/migracao.redenoticia.com.br\/noticia\/imagens\/paraiso-tropical-resumo-elenco.jpg\" alt=\"\" width=\"1280\" height=\"720\" class=\"aligncenter size-full wp-image-240065\" srcset=\"https:\/\/migracao.redenoticia.com.br\/noticia\/imagens\/paraiso-tropical-resumo-elenco.jpg 1280w, https:\/\/migracao.redenoticia.com.br\/noticia\/imagens\/paraiso-tropical-resumo-elenco-250x140.jpg 250w, https:\/\/migracao.redenoticia.com.br\/noticia\/imagens\/paraiso-tropical-resumo-elenco-400x225.jpg 400w, https:\/\/migracao.redenoticia.com.br\/noticia\/imagens\/paraiso-tropical-resumo-elenco-768x432.jpg 768w, https:\/\/migracao.redenoticia.com.br\/noticia\/imagens\/paraiso-tropical-resumo-elenco-150x85.jpg 150w\" sizes=\"auto, (max-width: 1280px) 100vw, 1280px\" \/> <\/p>\n<p><em><strong>Resumo da novela &#8220;Para\u00edso Tropical&#8221;<\/strong><\/em> em 11\/03: no cap\u00edtulo 075(*) da novela, Evaldo se choca com a morte de Isidoro. Antenor diz que quer ter um filho com L\u00facia. Evaldo diz a Paula que quer denunciar Ta\u00eds. Paula pede que Evaldo aguarde, antes de denunciar Ta\u00eds. Marion apresenta Bebel a Urbano. Virg\u00ednia, discretamente, orienta Bebel durante o jantar. Urbano se diverte com Bebel, que morre de medo de cometer uma gafe, e a convida para jantar. <\/p>\n<p>Gilda n\u00e3o d\u00e1 resposta alguma a Vidal, que pede para sair com ela mais uma vez. Gustavo convida Gilda para comer pipoca e ela aceita. Olavo liga e pede desculpas a Bebel, que n\u00e3o conta que est\u00e1 na casa de Marion. L\u00facia se impressiona com a ternura de Antenor. Gilda e Gustavo se beijam. Nereu d\u00e1 flores para Zoraide. Herm\u00ednia reprova o comportamento de Mateus. Evaldo d\u00e1 entrevista. <\/p>\n<p>Clemente e Herm\u00ednia prometem a Mateus n\u00e3o contar para L\u00facia sobre suas atitudes, desde que ele se comporte. Dinor\u00e1 percebe a alegria de Gustavo. Ta\u00eds recebe o dinheiro do invent\u00e1rio. C\u00e1ssio desaconselha Evaldo a denunciar Ta\u00eds. Urbano aconselha Ta\u00eds sobre investimentos. Evaldo e Elo\u00edsa encontram Ta\u00eds. Paula pede que Evaldo n\u00e3o denuncie Ta\u00eds. Ivan ouve Clemente comentar que Evaldo denunciar\u00e1 Ta\u00eds. Ta\u00eds vai \u00e0 casa de Evaldo. <\/p>\n<p>(*) edi\u00e7\u00e3o das novelas da Globo, &#8220;Para\u00edso Tropical&#8221;, sujeito a altera\u00e7\u00e3o de data e conte\u00fado.<\/p>\n<p>Sinopse &#8220;Para\u00edso Tropical&#8221;: Olavo manda Bebel se encontrar com Paula no aeroporto, fingindo estar indo para a Amaz\u00f4nia trabalhar como recepcionista em um hotel em Manaus. Paula recebe uma liga\u00e7\u00e3o de Daniel, que a ofende por ser a filha de Am\u00e9lia, mas isso n\u00e3o passa de outra armadilha do plano de Olavo, que grampeou o celular de Daniel e editou trechos para formular a ofensa. Decepcionada, Paula decide embarcar para a Amaz\u00f4nia. <\/p>\n<p>Daniel volta para o Rio de Janeiro sem nunca ter entendido o sumi\u00e7o repentino de Paula, que tamb\u00e9m vai ao Rio em busca do seu passado e do seu av\u00f4 biol\u00f3gico. Nas ruas da cidade, Daniel encontra Paula por acaso e ela o trata de maneira r\u00edspida e grosseira. Entretanto, a mo\u00e7a trata-se de Ta\u00eds, mulher sensual, inteligente e ego\u00edsta, irm\u00e3 g\u00eamea de Paula.<\/p>\n","protected":false},"excerpt":{"rendered":"<p>Resumo da novela &#8220;Para\u00edso Tropical&#8221; em 11\/03: no cap\u00edtulo 075(*) da novela, Evaldo se choca com a morte de Isidoro. Antenor diz que quer ter um filho com L\u00facia. Evaldo diz a Paula que quer denunciar Ta\u00eds. Paula pede que Evaldo aguarde, antes de denunciar Ta\u00eds. Marion apresenta Bebel a Urbano. Virg\u00ednia, discretamente, orienta Bebel [&hellip;]<\/p>\n","protected":false},"author":5,"featured_media":240064,"comment_status":"closed","ping_status":"closed","sticky":false,"template":"","format":"standard","meta":{"tdm_status":"","tdm_grid_status":"","footnotes":""},"categories":[379,2322,375,2025,343],"tags":[441],"class_list":{"0":"post-242816","1":"post","2":"type-post","3":"status-publish","4":"format-standard","5":"has-post-thumbnail","7":"category-novelas","8":"category-paraiso-tropical","9":"category-rede-globo","10":"category-resumo","11":"category-televisao","12":"tag-resumo-do-dia"},"_links":{"self":[{"href":"https:\/\/migracao.redenoticia.com.br\/noticia\/wp-json\/wp\/v2\/posts\/242816","targetHints":{"allow":["GET"]}}],"collection":[{"href":"https:\/\/migracao.redenoticia.com.br\/noticia\/wp-json\/wp\/v2\/posts"}],"about":[{"href":"https:\/\/migracao.redenoticia.com.br\/noticia\/wp-json\/wp\/v2\/types\/post"}],"author":[{"embeddable":true,"href":"https:\/\/migracao.redenoticia.com.br\/noticia\/wp-json\/wp\/v2\/users\/5"}],"replies":[{"embeddable":true,"href":"https:\/\/migracao.redenoticia.com.br\/noticia\/wp-json\/wp\/v2\/comments?post=242816"}],"version-history":[{"count":0,"href":"https:\/\/migracao.redenoticia.com.br\/noticia\/wp-json\/wp\/v2\/posts\/242816\/revisions"}],"wp:featuredmedia":[{"embeddable":true,"href":"https:\/\/migracao.redenoticia.com.br\/noticia\/wp-json\/wp\/v2\/media\/240064"}],"wp:attachment":[{"href":"https:\/\/migracao.redenoticia.com.br\/noticia\/wp-json\/wp\/v2\/media?parent=242816"}],"wp:term":[{"taxonomy":"category","embeddable":true,"href":"https:\/\/migracao.redenoticia.com.br\/noticia\/wp-json\/wp\/v2\/categories?post=242816"},{"taxonomy":"post_tag","embeddable":true,"href":"https:\/\/migracao.redenoticia.com.br\/noticia\/wp-json\/wp\/v2\/tags?post=242816"}],"curies":[{"name":"wp","href":"https:\/\/api.w.org\/{rel}","templated":true}]}}