{"id":242841,"date":"2024-03-11T11:36:37","date_gmt":"2024-03-11T14:36:37","guid":{"rendered":"https:\/\/www.redenoticia.com.br\/noticia\/?p=242841"},"modified":"2024-03-13T13:38:37","modified_gmt":"2024-03-13T16:38:37","slug":"resumo-abismo-de-paixao-12-03-carmem-comeca-a-delirar","status":"publish","type":"post","link":"https:\/\/migracao.redenoticia.com.br\/noticia\/2024\/resumo-abismo-de-paixao-12-03-carmem-comeca-a-delirar\/242841","title":{"rendered":"Resumo \u201cAbismo de Paix\u00e3o\u201d 13\/03: Carmem come\u00e7a a delirar"},"content":{"rendered":"<p> <img loading=\"lazy\" decoding=\"async\" src=\"https:\/\/migracao.redenoticia.com.br\/noticia\/imagens\/abismo-de-paixao-novela-resumo.jpg\" alt=\"\" width=\"1280\" height=\"720\" class=\"aligncenter size-full wp-image-240071\" srcset=\"https:\/\/migracao.redenoticia.com.br\/noticia\/imagens\/abismo-de-paixao-novela-resumo.jpg 1280w, https:\/\/migracao.redenoticia.com.br\/noticia\/imagens\/abismo-de-paixao-novela-resumo-250x140.jpg 250w, https:\/\/migracao.redenoticia.com.br\/noticia\/imagens\/abismo-de-paixao-novela-resumo-400x225.jpg 400w, https:\/\/migracao.redenoticia.com.br\/noticia\/imagens\/abismo-de-paixao-novela-resumo-768x432.jpg 768w, https:\/\/migracao.redenoticia.com.br\/noticia\/imagens\/abismo-de-paixao-novela-resumo-150x85.jpg 150w\" sizes=\"auto, (max-width: 1280px) 100vw, 1280px\" \/> <\/p>\n<p><strong><em>Resumo da novela \u201cAbismo de Paix\u00e3o\u201d<\/em><\/strong> em 13\/03: no cap\u00edtulo 087(*) da novela, Dami\u00e3o est\u00e1 nadando no lago, a espera de Elisa. Sem que ele perceba, algu\u00e9m chega e come\u00e7a a beij\u00e1-lo. Essa pessoa \u00e9 Carmem. Ao se dar conta disso, Dami\u00e3o exige novamente que Carmem o deixe em paz e a lembra que a \u00fanica coisa que desperta nele \u00e9 pena. Carmem responde que jamais permitir\u00e1 que ele seja feliz com Elisa. Na fazenda, Ramiro agride Dolores, mas Hor\u00e1cio aparece e a defende. Ramiro amea\u00e7a matar Dolores caso Hor\u00e1cio diga algo sobre o assassinato de Guadalupe. <\/p>\n<p>Vicente leva uns calmantes a Ramiro e, quando ele adormece, rouba sua arma e vai \u00e1 cabana de Ramona exigir-lhe que fa\u00e7a um rem\u00e9dio para Ramiro. A base de arma\u00e7\u00f5es e intrigas, Carmem tenta fazer com que Gael esteja cada vez mais zangado para que evite o casamento entre Elisa e Dami\u00e3o. Dolores diz a Lucio que est\u00e1 muito preocupada, pois Elisa n\u00e3o sai de seu quarto h\u00e1 cerca de tr\u00eas dias. Elisa, na verdade, est\u00e1 confusa e nervosa, pois n\u00e3o sabe se realmente deve se casar com Dami\u00e3o. Lucio pede que Elisa se case, pois tem certeza de que ela ser\u00e1 muito feliz ao lado de Dami\u00e3o. Carmem vive atormentada pelos ?fantasmas? das pessoas que matou e mandou matar e chora desesperada por n\u00e3o conseguir tir\u00e1-los de sua mente. Elisa recebe a caixa do vestido de noiva de sua m\u00e3e e um bilhete de sua tia Carmem, chamando-a para entregar lhe o vestido de noiva tamb\u00e9m.<\/p>\n<p>Elisa vai \u00e0 casa de Carmem e ela a deixa s\u00f3 em seu quarto. Carmem tranca Elisa em sua casa e diz que n\u00e3o permitir\u00e1 que ela se case com Dami\u00e3o. Elisa grita desesperada. Gael chega \u00e0 casa e faz Carmem acreditar que fugir\u00e1 com Elisa e a levar\u00e1 com ele a for\u00e7a. Elisa chora e pede que ele n\u00e3o o fa\u00e7a, j\u00e1 que ela ama Dami\u00e3o. Gael a diz que n\u00e3o far\u00e1 nada para impedir a uni\u00e3o entre eles. Gael e Elisa chegam \u00e0 igreja. Flor\u00eancia e Paloma tratam dos detalhes do casamento. A cerim\u00f4nia come\u00e7a. Dami\u00e3o e Elisa se beijam com paix\u00e3o e s\u00e3o declarados marido e mulher. No jardim da fazenda Arango, Carmem aparece e insulta Elisa por ter se casado com Dami\u00e3o. Ramona pede aten\u00e7\u00e3o de todos e revela que Carmem \u00e9 que era amante de Rog\u00e9rio. Edmundo revela que Carmem se casou com Augusto j\u00e1 gr\u00e1vida. Carmem, ao ver-se desmascarada diante de todos, n\u00e3o sabe o que dizer. <\/p>\n<p>Carmem, enfurecida por ter sido descoberta, sai em disparada e come\u00e7a a delirar, lembrando-se de todas as pessoas que matou. Ela entra em sua casa assustada. Ramiro a diz que matar\u00e1 Elisa. Gael e Paloma revivem seu amor. Antonia pede ajuda a Br\u00e1ulio para encontrar Vicente. Ramona se zanga porque descobre que Ramiro andou roubando suas ervas do rem\u00e9dio para sua dor de cabe\u00e7a. Carmem chega a cabana de Ramona e amea\u00e7a mat\u00e1-la por t\u00ea-la humilhado diante de todo povoado. Ramona responde que n\u00e3o teme a morte. Ramiro segue Elisa e Dami\u00e3o at\u00e9 a cabana que alugaram para passar a lua de mel e deixa uma serpente escondida no local. Elisa e Dami\u00e3o chegam a cabana para desfrutarem de seu amor. Sem que eles percebam, a serpente se aproxima e ataca Elisa, que come\u00e7a a se sentir muito mal. Br\u00e1ulio pede a Vicente que volte pra casa com Ant\u00f4nia, mas ele se nega a voltar. Ramiro diz a Vicente que o aceitar\u00e1 como filho caso ele consiga mais do rem\u00e9dio de Ramona.<\/p>\n<p>(*) edi\u00e7\u00e3o das novelas do SBT, \u201cAbismo de Paix\u00e3o\u201d, sujeito a altera\u00e7\u00e3o de data e conte\u00fado.<\/p>\n<p>Sinopse \u201cAbismo de Paix\u00e3o\u201d: Almerinda, temendo a reaproxima\u00e7\u00e3o de Dami\u00e3o e Elisa, come\u00e7a a pressionar seu filho pra que ele se case o mais r\u00e1pido poss\u00edvel e retorne \u00e0 It\u00e1lia. Dami\u00e3o termina seu noivado com Flor\u00eancia assim que percebe que est\u00e1 apaixonado por Elisa e os dois planejam se casar escondido de suas fam\u00edlias. Augusto descobre o romance clandestino dos dois e n\u00e3o est\u00e1 disposto a aceitar o filho do amante de sua esposa como seu genro. <\/p>\n<p>Ele amea\u00e7a Elisa de matar Dami\u00e3o caso eles continuem juntos e Elisa decide se sacrificar pela vida de seu amado e termina sua rela\u00e7\u00e3o; e para que Dami\u00e3o pare de insistir, se d\u00e1 uma oportunidade com Gael, que confessou que sempre esteve apaixonado por ela. Essa decis\u00e3o al\u00e9m de abalar a amizade entre Dami\u00e3o e Gael, tamb\u00e9m abala a amizade entre Paloma e Elisa, j\u00e1 que Paloma sempre esteve apaixonada por Gael.<\/p>\n","protected":false},"excerpt":{"rendered":"<p>Resumo da novela \u201cAbismo de Paix\u00e3o\u201d em 13\/03: no cap\u00edtulo 087(*) da novela, Dami\u00e3o est\u00e1 nadando no lago, a espera de Elisa. Sem que ele perceba, algu\u00e9m chega e come\u00e7a a beij\u00e1-lo. Essa pessoa \u00e9 Carmem. Ao se dar conta disso, Dami\u00e3o exige novamente que Carmem o deixe em paz e a lembra que a [&hellip;]<\/p>\n","protected":false},"author":5,"featured_media":240070,"comment_status":"closed","ping_status":"closed","sticky":false,"template":"","format":"standard","meta":{"tdm_status":"","tdm_grid_status":"","footnotes":""},"categories":[2321,379,2025,372,343],"tags":[441],"class_list":{"0":"post-242841","1":"post","2":"type-post","3":"status-publish","4":"format-standard","5":"has-post-thumbnail","7":"category-abismo-de-paixao","8":"category-novelas","9":"category-resumo","10":"category-sbt","11":"category-televisao","12":"tag-resumo-do-dia"},"_links":{"self":[{"href":"https:\/\/migracao.redenoticia.com.br\/noticia\/wp-json\/wp\/v2\/posts\/242841","targetHints":{"allow":["GET"]}}],"collection":[{"href":"https:\/\/migracao.redenoticia.com.br\/noticia\/wp-json\/wp\/v2\/posts"}],"about":[{"href":"https:\/\/migracao.redenoticia.com.br\/noticia\/wp-json\/wp\/v2\/types\/post"}],"author":[{"embeddable":true,"href":"https:\/\/migracao.redenoticia.com.br\/noticia\/wp-json\/wp\/v2\/users\/5"}],"replies":[{"embeddable":true,"href":"https:\/\/migracao.redenoticia.com.br\/noticia\/wp-json\/wp\/v2\/comments?post=242841"}],"version-history":[{"count":0,"href":"https:\/\/migracao.redenoticia.com.br\/noticia\/wp-json\/wp\/v2\/posts\/242841\/revisions"}],"wp:featuredmedia":[{"embeddable":true,"href":"https:\/\/migracao.redenoticia.com.br\/noticia\/wp-json\/wp\/v2\/media\/240070"}],"wp:attachment":[{"href":"https:\/\/migracao.redenoticia.com.br\/noticia\/wp-json\/wp\/v2\/media?parent=242841"}],"wp:term":[{"taxonomy":"category","embeddable":true,"href":"https:\/\/migracao.redenoticia.com.br\/noticia\/wp-json\/wp\/v2\/categories?post=242841"},{"taxonomy":"post_tag","embeddable":true,"href":"https:\/\/migracao.redenoticia.com.br\/noticia\/wp-json\/wp\/v2\/tags?post=242841"}],"curies":[{"name":"wp","href":"https:\/\/api.w.org\/{rel}","templated":true}]}}