{"id":242882,"date":"2024-03-12T12:38:19","date_gmt":"2024-03-12T15:38:19","guid":{"rendered":"https:\/\/www.redenoticia.com.br\/noticia\/?p=242882"},"modified":"2024-03-12T12:38:19","modified_gmt":"2024-03-12T15:38:19","slug":"resumo-paraiso-tropical-13-03-tais-diz-que-paula-vai-ter-que-desaparecer","status":"publish","type":"post","link":"https:\/\/migracao.redenoticia.com.br\/noticia\/2024\/resumo-paraiso-tropical-13-03-tais-diz-que-paula-vai-ter-que-desaparecer\/242882","title":{"rendered":"Resumo &#8220;Para\u00edso Tropical&#8221; 13\/03: Ta\u00eds diz que Paula vai ter que desaparecer"},"content":{"rendered":"<p> <img loading=\"lazy\" decoding=\"async\" src=\"https:\/\/migracao.redenoticia.com.br\/noticia\/imagens\/paraiso-tropical-resumo-elenco.jpg\" alt=\"\" width=\"1280\" height=\"720\" class=\"aligncenter size-full wp-image-240065\" srcset=\"https:\/\/migracao.redenoticia.com.br\/noticia\/imagens\/paraiso-tropical-resumo-elenco.jpg 1280w, https:\/\/migracao.redenoticia.com.br\/noticia\/imagens\/paraiso-tropical-resumo-elenco-250x140.jpg 250w, https:\/\/migracao.redenoticia.com.br\/noticia\/imagens\/paraiso-tropical-resumo-elenco-400x225.jpg 400w, https:\/\/migracao.redenoticia.com.br\/noticia\/imagens\/paraiso-tropical-resumo-elenco-768x432.jpg 768w, https:\/\/migracao.redenoticia.com.br\/noticia\/imagens\/paraiso-tropical-resumo-elenco-150x85.jpg 150w\" sizes=\"auto, (max-width: 1280px) 100vw, 1280px\" \/> <\/p>\n<p><em><strong>Resumo da novela &#8220;Para\u00edso Tropical&#8221;<\/strong><\/em> em 13\/03: no cap\u00edtulo 077(*) da novela, Ta\u00eds encontra com Paula na casa de Daniel. Daniel grava a conversa das irm\u00e3s. Paula conta que viu Ta\u00eds saindo do Copamar. Ta\u00eds diz que foi um acidente e que n\u00e3o vai se entregar. Ta\u00eds tranq\u00fciliza Ivan, pois Paula n\u00e3o tem provas. Os dois v\u00eaem Daniel saindo do pr\u00e9dio e temem que ele tenha gravado sua confiss\u00e3o. Joana mente para Neli que n\u00e3o conhece J\u00e1der. Antenor pede que L\u00facia o ajude a organizar o casamento de Daniel e Paula. Ta\u00eds volta \u00e0 casa de Daniel e deixa a porta entreaberta para Ivan, que pega a fita. <\/p>\n<p>Antenor pressiona L\u00facia para que ela lhe d\u00ea uma resposta. Olavo pro\u00edbe Bebel de jantar com outro homem. Virg\u00ednia prepara um golpe contra Iracema com a ajuda de Kledir, que vende abacaxis pelos corredores do Copamar. Paula chama Rangel para ouvir a grava\u00e7\u00e3o, mas descobre que a fita sumiu. Daniel descobre que Ta\u00eds estava com Ivan e tem certeza que eles roubaram a fita. Ta\u00eds queima a fita. Virg\u00ednia lan\u00e7a a sua candidatura a s\u00edndica do Copamar. Neli ouve Joana comentar que J\u00e1der a convidou para trabalhar com ele. Ta\u00eds conversa com Rangel e diz que Paula tem problemas. Neli procura J\u00e1der, que se surpreende. Ta\u00eds diz que Paula vai ter que desaparecer.<\/p>\n<p>(*) edi\u00e7\u00e3o das novelas da Globo, &#8220;Para\u00edso Tropical&#8221;, sujeito a altera\u00e7\u00e3o de data e conte\u00fado.<\/p>\n<p>Sinopse &#8220;Para\u00edso Tropical&#8221;: Olavo manda Bebel se encontrar com Paula no aeroporto, fingindo estar indo para a Amaz\u00f4nia trabalhar como recepcionista em um hotel em Manaus. Paula recebe uma liga\u00e7\u00e3o de Daniel, que a ofende por ser a filha de Am\u00e9lia, mas isso n\u00e3o passa de outra armadilha do plano de Olavo, que grampeou o celular de Daniel e editou trechos para formular a ofensa. Decepcionada, Paula decide embarcar para a Amaz\u00f4nia. <\/p>\n<p>Daniel volta para o Rio de Janeiro sem nunca ter entendido o sumi\u00e7o repentino de Paula, que tamb\u00e9m vai ao Rio em busca do seu passado e do seu av\u00f4 biol\u00f3gico. Nas ruas da cidade, Daniel encontra Paula por acaso e ela o trata de maneira r\u00edspida e grosseira. Entretanto, a mo\u00e7a trata-se de Ta\u00eds, mulher sensual, inteligente e ego\u00edsta, irm\u00e3 g\u00eamea de Paula.<\/p>\n","protected":false},"excerpt":{"rendered":"<p>Resumo da novela &#8220;Para\u00edso Tropical&#8221; em 13\/03: no cap\u00edtulo 077(*) da novela, Ta\u00eds encontra com Paula na casa de Daniel. Daniel grava a conversa das irm\u00e3s. Paula conta que viu Ta\u00eds saindo do Copamar. Ta\u00eds diz que foi um acidente e que n\u00e3o vai se entregar. Ta\u00eds tranq\u00fciliza Ivan, pois Paula n\u00e3o tem provas. Os [&hellip;]<\/p>\n","protected":false},"author":5,"featured_media":240064,"comment_status":"closed","ping_status":"closed","sticky":false,"template":"","format":"standard","meta":{"tdm_status":"","tdm_grid_status":"","footnotes":""},"categories":[379,2322,375,2025,343],"tags":[441],"class_list":{"0":"post-242882","1":"post","2":"type-post","3":"status-publish","4":"format-standard","5":"has-post-thumbnail","7":"category-novelas","8":"category-paraiso-tropical","9":"category-rede-globo","10":"category-resumo","11":"category-televisao","12":"tag-resumo-do-dia"},"_links":{"self":[{"href":"https:\/\/migracao.redenoticia.com.br\/noticia\/wp-json\/wp\/v2\/posts\/242882","targetHints":{"allow":["GET"]}}],"collection":[{"href":"https:\/\/migracao.redenoticia.com.br\/noticia\/wp-json\/wp\/v2\/posts"}],"about":[{"href":"https:\/\/migracao.redenoticia.com.br\/noticia\/wp-json\/wp\/v2\/types\/post"}],"author":[{"embeddable":true,"href":"https:\/\/migracao.redenoticia.com.br\/noticia\/wp-json\/wp\/v2\/users\/5"}],"replies":[{"embeddable":true,"href":"https:\/\/migracao.redenoticia.com.br\/noticia\/wp-json\/wp\/v2\/comments?post=242882"}],"version-history":[{"count":0,"href":"https:\/\/migracao.redenoticia.com.br\/noticia\/wp-json\/wp\/v2\/posts\/242882\/revisions"}],"wp:featuredmedia":[{"embeddable":true,"href":"https:\/\/migracao.redenoticia.com.br\/noticia\/wp-json\/wp\/v2\/media\/240064"}],"wp:attachment":[{"href":"https:\/\/migracao.redenoticia.com.br\/noticia\/wp-json\/wp\/v2\/media?parent=242882"}],"wp:term":[{"taxonomy":"category","embeddable":true,"href":"https:\/\/migracao.redenoticia.com.br\/noticia\/wp-json\/wp\/v2\/categories?post=242882"},{"taxonomy":"post_tag","embeddable":true,"href":"https:\/\/migracao.redenoticia.com.br\/noticia\/wp-json\/wp\/v2\/tags?post=242882"}],"curies":[{"name":"wp","href":"https:\/\/api.w.org\/{rel}","templated":true}]}}