{"id":243054,"date":"2024-03-16T19:13:24","date_gmt":"2024-03-16T22:13:24","guid":{"rendered":"https:\/\/www.redenoticia.com.br\/noticia\/?p=243054"},"modified":"2024-03-16T19:13:24","modified_gmt":"2024-03-16T22:13:24","slug":"resumo-abismo-de-paixao-18-03-malu-descobre-damiao-amarrado-a-explosivos","status":"publish","type":"post","link":"https:\/\/migracao.redenoticia.com.br\/noticia\/2024\/resumo-abismo-de-paixao-18-03-malu-descobre-damiao-amarrado-a-explosivos\/243054","title":{"rendered":"Resumo \u201cAbismo de Paix\u00e3o\u201d 18\/03: Malu descobre Dami\u00e3o amarrado a explosivos"},"content":{"rendered":"<p> <img loading=\"lazy\" decoding=\"async\" src=\"https:\/\/migracao.redenoticia.com.br\/noticia\/imagens\/abismo-de-paixao-novela-resumo.jpg\" alt=\"\" width=\"1280\" height=\"720\" class=\"aligncenter size-full wp-image-240071\" srcset=\"https:\/\/migracao.redenoticia.com.br\/noticia\/imagens\/abismo-de-paixao-novela-resumo.jpg 1280w, https:\/\/migracao.redenoticia.com.br\/noticia\/imagens\/abismo-de-paixao-novela-resumo-250x140.jpg 250w, https:\/\/migracao.redenoticia.com.br\/noticia\/imagens\/abismo-de-paixao-novela-resumo-400x225.jpg 400w, https:\/\/migracao.redenoticia.com.br\/noticia\/imagens\/abismo-de-paixao-novela-resumo-768x432.jpg 768w, https:\/\/migracao.redenoticia.com.br\/noticia\/imagens\/abismo-de-paixao-novela-resumo-150x85.jpg 150w\" sizes=\"auto, (max-width: 1280px) 100vw, 1280px\" \/> <\/p>\n<p><strong><em>Resumo da novela \u201cAbismo de Paix\u00e3o\u201d<\/em><\/strong> em 18\/03: no cap\u00edtulo 091(*) da novela, no minist\u00e9rio p\u00fablico, Hor\u00e1cio d\u00e1 sua declara\u00e7\u00e3o contra Carmem e Ramiro. Carmem tem Dami\u00e3o amarrado e o confessa que Rog\u00e9rio era seu amante, e como n\u00e3o pode cumprir as promessas que a fez, Dami\u00e3o ficar\u00e1 encarregado de torn\u00e1-las realidade. Ao aproximar-se para beij\u00e1-lo, Dami\u00e3o acerta Carmem e tenta fugir, mas Ramiro chega e o det\u00e9m. Carmem e Ramiro sobem na caminhonete e fogem. Carmem liga para Almerinda e pede dinheiro em troca de Dami\u00e3o, por\u00e9m precisa ser Elisa quem vai entregar o dinheiro. Gael procura Paloma na cabana de Ramona, ela pede para ele se retirar. <\/p>\n<p>Elisa e Gael se encontram na ?casa azul?, quando chega a pol\u00edcia e os informa que ali est\u00e1 escondido o cad\u00e1ver de Ingrid e as passagens de avi\u00e3o em nome de Carmem e Rog\u00e9rio. Almerinda pede a Gael que leve o dinheiro ao cemit\u00e9rio. Ramona v\u00ea Carmen e Ramiro escapando. Eles se assustam e a caminhonete bate contra um rochedo. Carmem fica atordoada com o acidente e Ramiro, mesmo ferido, trata de fugir com o dinheiro. Gael consegue peg\u00e1-lo. Levam Carmem para o hospital e Ramiro para a cadeia. Malu descobre Dami\u00e3o amarrado a explosivos e chama a pol\u00edcia para que os desativem. Elisa chega desesperada e beija Dami\u00e3o.<\/p>\n<p>(*) edi\u00e7\u00e3o das novelas do SBT, \u201cAbismo de Paix\u00e3o\u201d, sujeito a altera\u00e7\u00e3o de data e conte\u00fado.<\/p>\n<p>Sinopse \u201cAbismo de Paix\u00e3o\u201d: Almerinda, temendo a reaproxima\u00e7\u00e3o de Dami\u00e3o e Elisa, come\u00e7a a pressionar seu filho pra que ele se case o mais r\u00e1pido poss\u00edvel e retorne \u00e0 It\u00e1lia. Dami\u00e3o termina seu noivado com Flor\u00eancia assim que percebe que est\u00e1 apaixonado por Elisa e os dois planejam se casar escondido de suas fam\u00edlias. Augusto descobre o romance clandestino dos dois e n\u00e3o est\u00e1 disposto a aceitar o filho do amante de sua esposa como seu genro. <\/p>\n<p>Ele amea\u00e7a Elisa de matar Dami\u00e3o caso eles continuem juntos e Elisa decide se sacrificar pela vida de seu amado e termina sua rela\u00e7\u00e3o; e para que Dami\u00e3o pare de insistir, se d\u00e1 uma oportunidade com Gael, que confessou que sempre esteve apaixonado por ela. Essa decis\u00e3o al\u00e9m de abalar a amizade entre Dami\u00e3o e Gael, tamb\u00e9m abala a amizade entre Paloma e Elisa, j\u00e1 que Paloma sempre esteve apaixonada por Gael.<\/p>\n","protected":false},"excerpt":{"rendered":"<p>Resumo da novela \u201cAbismo de Paix\u00e3o\u201d em 18\/03: no cap\u00edtulo 091(*) da novela, no minist\u00e9rio p\u00fablico, Hor\u00e1cio d\u00e1 sua declara\u00e7\u00e3o contra Carmem e Ramiro. Carmem tem Dami\u00e3o amarrado e o confessa que Rog\u00e9rio era seu amante, e como n\u00e3o pode cumprir as promessas que a fez, Dami\u00e3o ficar\u00e1 encarregado de torn\u00e1-las realidade. Ao aproximar-se para [&hellip;]<\/p>\n","protected":false},"author":2,"featured_media":240070,"comment_status":"closed","ping_status":"closed","sticky":false,"template":"","format":"standard","meta":{"tdm_status":"","tdm_grid_status":"","footnotes":""},"categories":[2321,379,2025,372,343],"tags":[441],"class_list":{"0":"post-243054","1":"post","2":"type-post","3":"status-publish","4":"format-standard","5":"has-post-thumbnail","7":"category-abismo-de-paixao","8":"category-novelas","9":"category-resumo","10":"category-sbt","11":"category-televisao","12":"tag-resumo-do-dia"},"_links":{"self":[{"href":"https:\/\/migracao.redenoticia.com.br\/noticia\/wp-json\/wp\/v2\/posts\/243054","targetHints":{"allow":["GET"]}}],"collection":[{"href":"https:\/\/migracao.redenoticia.com.br\/noticia\/wp-json\/wp\/v2\/posts"}],"about":[{"href":"https:\/\/migracao.redenoticia.com.br\/noticia\/wp-json\/wp\/v2\/types\/post"}],"author":[{"embeddable":true,"href":"https:\/\/migracao.redenoticia.com.br\/noticia\/wp-json\/wp\/v2\/users\/2"}],"replies":[{"embeddable":true,"href":"https:\/\/migracao.redenoticia.com.br\/noticia\/wp-json\/wp\/v2\/comments?post=243054"}],"version-history":[{"count":0,"href":"https:\/\/migracao.redenoticia.com.br\/noticia\/wp-json\/wp\/v2\/posts\/243054\/revisions"}],"wp:featuredmedia":[{"embeddable":true,"href":"https:\/\/migracao.redenoticia.com.br\/noticia\/wp-json\/wp\/v2\/media\/240070"}],"wp:attachment":[{"href":"https:\/\/migracao.redenoticia.com.br\/noticia\/wp-json\/wp\/v2\/media?parent=243054"}],"wp:term":[{"taxonomy":"category","embeddable":true,"href":"https:\/\/migracao.redenoticia.com.br\/noticia\/wp-json\/wp\/v2\/categories?post=243054"},{"taxonomy":"post_tag","embeddable":true,"href":"https:\/\/migracao.redenoticia.com.br\/noticia\/wp-json\/wp\/v2\/tags?post=243054"}],"curies":[{"name":"wp","href":"https:\/\/api.w.org\/{rel}","templated":true}]}}