{"id":243088,"date":"2024-03-18T14:33:19","date_gmt":"2024-03-18T17:33:19","guid":{"rendered":"https:\/\/www.redenoticia.com.br\/noticia\/?p=243088"},"modified":"2024-03-18T14:33:19","modified_gmt":"2024-03-18T17:33:19","slug":"resumo-abismo-de-paixao-19-03-ultimo-capitulo","status":"publish","type":"post","link":"https:\/\/migracao.redenoticia.com.br\/noticia\/2024\/resumo-abismo-de-paixao-19-03-ultimo-capitulo\/243088","title":{"rendered":"Resumo \u201cAbismo de Paix\u00e3o\u201d 19\/03: \u00daltimo cap\u00edtulo"},"content":{"rendered":"<p> <img loading=\"lazy\" decoding=\"async\" src=\"https:\/\/migracao.redenoticia.com.br\/noticia\/imagens\/abismo-de-paixao-novela-resumo.jpg\" alt=\"\" width=\"1280\" height=\"720\" class=\"aligncenter size-full wp-image-240071\" srcset=\"https:\/\/migracao.redenoticia.com.br\/noticia\/imagens\/abismo-de-paixao-novela-resumo.jpg 1280w, https:\/\/migracao.redenoticia.com.br\/noticia\/imagens\/abismo-de-paixao-novela-resumo-250x140.jpg 250w, https:\/\/migracao.redenoticia.com.br\/noticia\/imagens\/abismo-de-paixao-novela-resumo-400x225.jpg 400w, https:\/\/migracao.redenoticia.com.br\/noticia\/imagens\/abismo-de-paixao-novela-resumo-768x432.jpg 768w, https:\/\/migracao.redenoticia.com.br\/noticia\/imagens\/abismo-de-paixao-novela-resumo-150x85.jpg 150w\" sizes=\"auto, (max-width: 1280px) 100vw, 1280px\" \/> <\/p>\n<p><strong><em>Resumo da novela \u201cAbismo de Paix\u00e3o\u201d<\/em><\/strong> em 19\/03: no cap\u00edtulo 092(*) da novela, Malu descobre Dami\u00e3o amarrado a explosivos e chama a pol\u00edcia para que os desativem. Elisa chega desesperada e beija Dami\u00e3o. Gael fica feliz ao ver a felicidade de Dami\u00e3o e Elisa. Edmundo vai ter uma conversa com Elisa e diz a ela que o estado de Carmen \u00e9 bastante grave e que por isso teve de amputar suas pernas. Gael se encontra com Paloma e acaba confessando que a ama e que percebeu que o que estava sentindo por Elisa era apenas uma obsess\u00e3o. Gael pede perd\u00e3o a Paloma e tamb\u00e9m uma oportunidade de mostrar que ele realmente a ama de verdade e que quer ficar com ela o resto da vida para viver este amor. Carmen acorda e Almerinda entra no quarto e diz que ser\u00e1 uma pena pois a vida dela j\u00e1 n\u00e3o ser\u00e1 a mesma. Carmen fica sozinha e se d\u00e1 conta que teve as pernas amputadas ficando desesperada. Elisa vai fazer uma visita para Carmen e ela revela a sobrinha que sempre a odiou por ser fruto do amor de Augusto e Estef\u00e2nia e acaba confessando que sempre amou o pai dela desde o primeiro momento que o viu. <\/p>\n<p>Elisa percebe que Carmen cortou os pulsos e sai para pedir ajuda. Pouco tempo depois Edmundo retorna dizendo que Carmen n\u00e3o resistiu. Gael faz uma serenata para Paloma e os dois confessam que est\u00e3o muito felizes. L\u00facio tem uma conversa com Ramiro na pris\u00e3o e diz que finalmente a justi\u00e7a foi feita e ele passar\u00e1 muitos anos atr\u00e1s das grades. Antes de sair L\u00facio faz uma grande revela\u00e7\u00e3o para Ramiro. Gael vai ter uma conversa com Dami\u00e3o e pede desculpas por tudo que fez e os dois d\u00e3o um abra\u00e7o fraternal. Elisa e Paloma ficam bastante felizes. Paloma vai ter uma conversa com Ramona e diz que n\u00e3o vai mais se separar de Gael. Ela d\u00e1 os parab\u00e9ns a neta e diz para continuar usando seus amuletos. Elisa vai ao enterro de Carmen junto com Dami\u00e3o e L\u00facio.<\/p>\n<p>Passa-se algum tempo, Elisa vai junto com Dami\u00e3o at\u00e9 o cemit\u00e9rio levar algumas flores ao t\u00famulo de seu pai de sua m\u00e3e que j\u00e1 est\u00e3o no mesmo jazigo. Mais tarde eles v\u00e3o ao batismo do pequeno filho e todos est\u00e3o bastante felizes. Gael e Paloma j\u00e1 tem duas filhas e tamb\u00e9m est\u00e3o bastante felizes. Flor\u00eancia e Henrique se casam e adotam Sophia. Dami\u00e3o e Elisa d\u00e3o os parab\u00e9ns a eles. Malu e L\u00facio tamb\u00e9m tem um relacionamento e est\u00e3o bastante felizes. Ele diz que embora nunca esquecer\u00e1 Branca ela j\u00e1 tem um lugar em seu cora\u00e7\u00e3o. Elisa d\u00e1 para Gael as terras da Fazenda C\u00e9u Aberto e diz que \u00e9 por merecimento dele pois sempre trabalhou no lugar desde crian\u00e7a.Dami\u00e3o, Elisa, Gael e Paloma saem da festa e v\u00e3o nadar no rio assim como faziam quando eram crian\u00e7as. Eles est\u00e3o muito felizes e comemoram o amor e amizade. FIM.<\/p>\n<p>(*) edi\u00e7\u00e3o das novelas do SBT, \u201cAbismo de Paix\u00e3o\u201d, sujeito a altera\u00e7\u00e3o de data e conte\u00fado.<\/p>\n<p>Sinopse \u201cAbismo de Paix\u00e3o\u201d: Almerinda, temendo a reaproxima\u00e7\u00e3o de Dami\u00e3o e Elisa, come\u00e7a a pressionar seu filho pra que ele se case o mais r\u00e1pido poss\u00edvel e retorne \u00e0 It\u00e1lia. Dami\u00e3o termina seu noivado com Flor\u00eancia assim que percebe que est\u00e1 apaixonado por Elisa e os dois planejam se casar escondido de suas fam\u00edlias. Augusto descobre o romance clandestino dos dois e n\u00e3o est\u00e1 disposto a aceitar o filho do amante de sua esposa como seu genro. <\/p>\n<p>Ele amea\u00e7a Elisa de matar Dami\u00e3o caso eles continuem juntos e Elisa decide se sacrificar pela vida de seu amado e termina sua rela\u00e7\u00e3o; e para que Dami\u00e3o pare de insistir, se d\u00e1 uma oportunidade com Gael, que confessou que sempre esteve apaixonado por ela. Essa decis\u00e3o al\u00e9m de abalar a amizade entre Dami\u00e3o e Gael, tamb\u00e9m abala a amizade entre Paloma e Elisa, j\u00e1 que Paloma sempre esteve apaixonada por Gael.<\/p>\n","protected":false},"excerpt":{"rendered":"<p>Resumo da novela \u201cAbismo de Paix\u00e3o\u201d em 19\/03: no cap\u00edtulo 092(*) da novela, Malu descobre Dami\u00e3o amarrado a explosivos e chama a pol\u00edcia para que os desativem. Elisa chega desesperada e beija Dami\u00e3o. Gael fica feliz ao ver a felicidade de Dami\u00e3o e Elisa. Edmundo vai ter uma conversa com Elisa e diz a ela [&hellip;]<\/p>\n","protected":false},"author":2,"featured_media":240070,"comment_status":"closed","ping_status":"closed","sticky":false,"template":"","format":"standard","meta":{"tdm_status":"","tdm_grid_status":"","footnotes":""},"categories":[2321,379,2025,372,343],"tags":[441],"class_list":{"0":"post-243088","1":"post","2":"type-post","3":"status-publish","4":"format-standard","5":"has-post-thumbnail","7":"category-abismo-de-paixao","8":"category-novelas","9":"category-resumo","10":"category-sbt","11":"category-televisao","12":"tag-resumo-do-dia"},"_links":{"self":[{"href":"https:\/\/migracao.redenoticia.com.br\/noticia\/wp-json\/wp\/v2\/posts\/243088","targetHints":{"allow":["GET"]}}],"collection":[{"href":"https:\/\/migracao.redenoticia.com.br\/noticia\/wp-json\/wp\/v2\/posts"}],"about":[{"href":"https:\/\/migracao.redenoticia.com.br\/noticia\/wp-json\/wp\/v2\/types\/post"}],"author":[{"embeddable":true,"href":"https:\/\/migracao.redenoticia.com.br\/noticia\/wp-json\/wp\/v2\/users\/2"}],"replies":[{"embeddable":true,"href":"https:\/\/migracao.redenoticia.com.br\/noticia\/wp-json\/wp\/v2\/comments?post=243088"}],"version-history":[{"count":0,"href":"https:\/\/migracao.redenoticia.com.br\/noticia\/wp-json\/wp\/v2\/posts\/243088\/revisions"}],"wp:featuredmedia":[{"embeddable":true,"href":"https:\/\/migracao.redenoticia.com.br\/noticia\/wp-json\/wp\/v2\/media\/240070"}],"wp:attachment":[{"href":"https:\/\/migracao.redenoticia.com.br\/noticia\/wp-json\/wp\/v2\/media?parent=243088"}],"wp:term":[{"taxonomy":"category","embeddable":true,"href":"https:\/\/migracao.redenoticia.com.br\/noticia\/wp-json\/wp\/v2\/categories?post=243088"},{"taxonomy":"post_tag","embeddable":true,"href":"https:\/\/migracao.redenoticia.com.br\/noticia\/wp-json\/wp\/v2\/tags?post=243088"}],"curies":[{"name":"wp","href":"https:\/\/api.w.org\/{rel}","templated":true}]}}