{"id":243202,"date":"2024-03-21T15:06:49","date_gmt":"2024-03-21T18:06:49","guid":{"rendered":"https:\/\/www.redenoticia.com.br\/noticia\/?p=243202"},"modified":"2024-03-21T15:06:49","modified_gmt":"2024-03-21T18:06:49","slug":"resumo-cheias-de-charme-22-03-cida-sofre-com-a-partida-de-conrado","status":"publish","type":"post","link":"https:\/\/migracao.redenoticia.com.br\/noticia\/2024\/resumo-cheias-de-charme-22-03-cida-sofre-com-a-partida-de-conrado\/243202","title":{"rendered":"Resumo &#8220;Cheias de Charme&#8221; 22\/03: Cida sofre com a partida de Conrado"},"content":{"rendered":"<p> <img loading=\"lazy\" decoding=\"async\" src=\"https:\/\/migracao.redenoticia.com.br\/noticia\/imagens\/cheias-de-charme-resumo-novela.jpg\" alt=\"\" width=\"1280\" height=\"720\" class=\"aligncenter size-full wp-image-243085\" srcset=\"https:\/\/migracao.redenoticia.com.br\/noticia\/imagens\/cheias-de-charme-resumo-novela.jpg 1280w, https:\/\/migracao.redenoticia.com.br\/noticia\/imagens\/cheias-de-charme-resumo-novela-250x140.jpg 250w, https:\/\/migracao.redenoticia.com.br\/noticia\/imagens\/cheias-de-charme-resumo-novela-400x225.jpg 400w, https:\/\/migracao.redenoticia.com.br\/noticia\/imagens\/cheias-de-charme-resumo-novela-768x432.jpg 768w, https:\/\/migracao.redenoticia.com.br\/noticia\/imagens\/cheias-de-charme-resumo-novela-150x85.jpg 150w\" sizes=\"auto, (max-width: 1280px) 100vw, 1280px\" \/> <\/p>\n<p><em><strong>Resumo da novela &#8220;Cheias de Charme&#8221;<\/strong><\/em> em 22\/03: no cap\u00edtulo 011(*) da novela, Otto insiste que Conrado volte para Curitiba com ele e M\u00e1slova decide acompanhar o neto. Penha perde o emprego na casa de M\u00e1slova. O cantor se apresenta na associa\u00e7\u00e3o das trabalhadoras dom\u00e9sticas. Chayene fala com a imprensa e pede a Ros\u00e1rio que d\u00ea um depoimento sobre ela. Fabian \u00e9 beijado por Chayene no palco. Naldo diz a Penha que Lygia n\u00e3o \u00e9 mais advogada da cantora. Penha conta para Cida que Conrado voltou para Curitiba. Humberto assume o caso de Chayene. Sarmento procura Lygia e oferece seu emprego de volta. In\u00e1cio confessa a Heraldo que est\u00e1 apaixonado por Ros\u00e1rio.<\/p>\n<p>Lygia diz a Alejandro que precisa arrumar algu\u00e9m para cuidar da casa. Elano avisa a Penha que o escrit\u00f3rio de Sarmento ir\u00e1 process\u00e1-la por cal\u00fania. Cida sofre com a partida de Conrado e fica febril. In\u00e1cio faz as pazes com Ros\u00e1rio. Naldo e Socorro embarcam para o Piau\u00ed. Brunessa tenta conquistar Rodinei, mas \u00e9 rejeitada. Dinha tenta fazer intrigas entre In\u00e1cio e Ros\u00e1rio. Penha pede para conversar com Lygia. Conrado recebe uma visita inesperada em seu quarto. In\u00e1cio descobre o santu\u00e1rio de Fabian no quarto de Ros\u00e1rio.<\/p>\n<p>(*) edi\u00e7\u00e3o das novelas da Globo, &#8220;Cheias de Charme&#8221;, sujeito a altera\u00e7\u00e3o de data e conte\u00fado.<\/p>\n<p>Sinopse \u201cCheias de Charme\u201d: Penha se apaixona por Gilson. O que ela desconhece \u00e9 que o gal\u00e3 \u00e9 uma antiga paix\u00e3o de juventude de Lygia e o verdadeiro pai de Samuel. Ap\u00f3s conquistar os holofotes, Ros\u00e1rio decide investir em sua carreira como cantora solo. Separada de In\u00e1cio devido a uma arma\u00e7\u00e3o de Fabian e Tom Bastos, ela aceita fazer uma turn\u00ea ao lado do pr\u00edncipe das dom\u00e9sticas, mas Chayene, revoltada com o suposto romance entre o cantor e sua rival, acaba desfigurando o rosto de Fabian ao lhe atirar um prato de sopa quente. <\/p>\n<p>Para n\u00e3o prejudicar os contratos que assinou, Tom Bastos convence In\u00e1cio a se passar por Fabian nos palcos enquanto \u00e9 dublado pelo original. Cida descobre que o ex-patr\u00e3o \u00e9 seu verdadeiro pai. Ernani leva Cida de volta para a mans\u00e3o. Agora \u00e9 ela quem sustenta a casa e d\u00e1 as carta ali, estremecendo o casamento j\u00e1 abalado entre Isadora e Conrado. No entanto, essa reaproxima\u00e7\u00e3o de Cida com os Sarmentos lhe custa o fim de seu namoro com o \u00edntegro advogado Elano.<\/p>\n","protected":false},"excerpt":{"rendered":"<p>Resumo da novela &#8220;Cheias de Charme&#8221; em 22\/03: no cap\u00edtulo 011(*) da novela, Otto insiste que Conrado volte para Curitiba com ele e M\u00e1slova decide acompanhar o neto. Penha perde o emprego na casa de M\u00e1slova. O cantor se apresenta na associa\u00e7\u00e3o das trabalhadoras dom\u00e9sticas. Chayene fala com a imprensa e pede a Ros\u00e1rio que [&hellip;]<\/p>\n","protected":false},"author":3,"featured_media":243086,"comment_status":"closed","ping_status":"closed","sticky":false,"template":"","format":"standard","meta":{"tdm_status":"","tdm_grid_status":"","footnotes":""},"categories":[2325,379,375,2025,343],"tags":[441],"class_list":{"0":"post-243202","1":"post","2":"type-post","3":"status-publish","4":"format-standard","5":"has-post-thumbnail","7":"category-cheias-de-charme","8":"category-novelas","9":"category-rede-globo","10":"category-resumo","11":"category-televisao","12":"tag-resumo-do-dia"},"_links":{"self":[{"href":"https:\/\/migracao.redenoticia.com.br\/noticia\/wp-json\/wp\/v2\/posts\/243202","targetHints":{"allow":["GET"]}}],"collection":[{"href":"https:\/\/migracao.redenoticia.com.br\/noticia\/wp-json\/wp\/v2\/posts"}],"about":[{"href":"https:\/\/migracao.redenoticia.com.br\/noticia\/wp-json\/wp\/v2\/types\/post"}],"author":[{"embeddable":true,"href":"https:\/\/migracao.redenoticia.com.br\/noticia\/wp-json\/wp\/v2\/users\/3"}],"replies":[{"embeddable":true,"href":"https:\/\/migracao.redenoticia.com.br\/noticia\/wp-json\/wp\/v2\/comments?post=243202"}],"version-history":[{"count":0,"href":"https:\/\/migracao.redenoticia.com.br\/noticia\/wp-json\/wp\/v2\/posts\/243202\/revisions"}],"wp:featuredmedia":[{"embeddable":true,"href":"https:\/\/migracao.redenoticia.com.br\/noticia\/wp-json\/wp\/v2\/media\/243086"}],"wp:attachment":[{"href":"https:\/\/migracao.redenoticia.com.br\/noticia\/wp-json\/wp\/v2\/media?parent=243202"}],"wp:term":[{"taxonomy":"category","embeddable":true,"href":"https:\/\/migracao.redenoticia.com.br\/noticia\/wp-json\/wp\/v2\/categories?post=243202"},{"taxonomy":"post_tag","embeddable":true,"href":"https:\/\/migracao.redenoticia.com.br\/noticia\/wp-json\/wp\/v2\/tags?post=243202"}],"curies":[{"name":"wp","href":"https:\/\/api.w.org\/{rel}","templated":true}]}}