{"id":243237,"date":"2024-03-22T11:24:47","date_gmt":"2024-03-22T14:24:47","guid":{"rendered":"https:\/\/www.redenoticia.com.br\/noticia\/?p=243237"},"modified":"2024-03-22T11:24:47","modified_gmt":"2024-03-22T14:24:47","slug":"resumo-cheias-de-charme-23-03-chayene-conta-para-rosario-que-fabian-e-seu-namorado","status":"publish","type":"post","link":"https:\/\/migracao.redenoticia.com.br\/noticia\/2024\/resumo-cheias-de-charme-23-03-chayene-conta-para-rosario-que-fabian-e-seu-namorado\/243237","title":{"rendered":"Resumo &#8220;Cheias de Charme&#8221; 23\/03: Chayene conta para Ros\u00e1rio que Fabian \u00e9 seu namorado"},"content":{"rendered":"<p> <img loading=\"lazy\" decoding=\"async\" src=\"https:\/\/migracao.redenoticia.com.br\/noticia\/imagens\/cheias-de-charme-resumo-novela.jpg\" alt=\"\" width=\"1280\" height=\"720\" class=\"aligncenter size-full wp-image-243085\" srcset=\"https:\/\/migracao.redenoticia.com.br\/noticia\/imagens\/cheias-de-charme-resumo-novela.jpg 1280w, https:\/\/migracao.redenoticia.com.br\/noticia\/imagens\/cheias-de-charme-resumo-novela-250x140.jpg 250w, https:\/\/migracao.redenoticia.com.br\/noticia\/imagens\/cheias-de-charme-resumo-novela-400x225.jpg 400w, https:\/\/migracao.redenoticia.com.br\/noticia\/imagens\/cheias-de-charme-resumo-novela-768x432.jpg 768w, https:\/\/migracao.redenoticia.com.br\/noticia\/imagens\/cheias-de-charme-resumo-novela-150x85.jpg 150w\" sizes=\"auto, (max-width: 1280px) 100vw, 1280px\" \/> <\/p>\n<p><em><strong>Resumo da novela &#8220;Cheias de Charme&#8221;<\/strong><\/em> em 23\/03: no cap\u00edtulo 012(*) da novela, In\u00e1cio n\u00e3o se conforma com a adora\u00e7\u00e3o de Ros\u00e1rio por Fabian e rompe com ela. Penha conta que est\u00e1 desempregada e Lygia a convida para trabalhar em sua casa. Cida se recupera e volta a fazer os servi\u00e7os dom\u00e9sticos. Conrado se irrita com o pai. Chayene chantageia Fabian e for\u00e7a o cantor a assumir que eles est\u00e3o namorando. Heraldo conversa com In\u00e1cio e sugere que ele d\u00ea uma nova chance a Ros\u00e1rio. Alejandro se surpreende com a presen\u00e7a de Penha em sua casa. Naldo e Socorro s\u00e3o recebidos pela m\u00e3e no Piau\u00ed. S\u00f4nia planeja um jantar rom\u00e2ntico com Sarmento.<\/p>\n<p>Chayene conta para Ros\u00e1rio que Fabian \u00e9 seu namorado. Otto passeia com Conrado e tenta se aproximar do filho. Sarmento revela para S\u00f4nia que eles est\u00e3o falidos e avisa que a fam\u00edlia ter\u00e1 que fazer sacrif\u00edcios. Ros\u00e1rio encontra In\u00e1cio com Dinha e fica com ci\u00fames. Lygia se encanta pela compet\u00eancia de Penha nos cuidados com sua casa. Rodinei tenta reatar o namoro com Cida. No an\u00fancio da candidatura de Otto, ele recebe uma den\u00fancia. Ros\u00e1rio se declara para In\u00e1cio. Penha \u00e9 procurada pelo homem que emprestou dinheiro a Sandro.<\/p>\n<p>(*) edi\u00e7\u00e3o das novelas da Globo, &#8220;Cheias de Charme&#8221;, sujeito a altera\u00e7\u00e3o de data e conte\u00fado.<\/p>\n<p>Sinopse \u201cCheias de Charme\u201d: Penha se apaixona por Gilson. O que ela desconhece \u00e9 que o gal\u00e3 \u00e9 uma antiga paix\u00e3o de juventude de Lygia e o verdadeiro pai de Samuel. Ap\u00f3s conquistar os holofotes, Ros\u00e1rio decide investir em sua carreira como cantora solo. Separada de In\u00e1cio devido a uma arma\u00e7\u00e3o de Fabian e Tom Bastos, ela aceita fazer uma turn\u00ea ao lado do pr\u00edncipe das dom\u00e9sticas, mas Chayene, revoltada com o suposto romance entre o cantor e sua rival, acaba desfigurando o rosto de Fabian ao lhe atirar um prato de sopa quente. <\/p>\n<p>Para n\u00e3o prejudicar os contratos que assinou, Tom Bastos convence In\u00e1cio a se passar por Fabian nos palcos enquanto \u00e9 dublado pelo original. Cida descobre que o ex-patr\u00e3o \u00e9 seu verdadeiro pai. Ernani leva Cida de volta para a mans\u00e3o. Agora \u00e9 ela quem sustenta a casa e d\u00e1 as carta ali, estremecendo o casamento j\u00e1 abalado entre Isadora e Conrado. No entanto, essa reaproxima\u00e7\u00e3o de Cida com os Sarmentos lhe custa o fim de seu namoro com o \u00edntegro advogado Elano.<\/p>\n","protected":false},"excerpt":{"rendered":"<p>Resumo da novela &#8220;Cheias de Charme&#8221; em 23\/03: no cap\u00edtulo 012(*) da novela, In\u00e1cio n\u00e3o se conforma com a adora\u00e7\u00e3o de Ros\u00e1rio por Fabian e rompe com ela. Penha conta que est\u00e1 desempregada e Lygia a convida para trabalhar em sua casa. Cida se recupera e volta a fazer os servi\u00e7os dom\u00e9sticos. Conrado se irrita [&hellip;]<\/p>\n","protected":false},"author":5,"featured_media":243086,"comment_status":"closed","ping_status":"closed","sticky":false,"template":"","format":"standard","meta":{"tdm_status":"","tdm_grid_status":"","footnotes":""},"categories":[2325,379,375,2025,343],"tags":[441],"class_list":{"0":"post-243237","1":"post","2":"type-post","3":"status-publish","4":"format-standard","5":"has-post-thumbnail","7":"category-cheias-de-charme","8":"category-novelas","9":"category-rede-globo","10":"category-resumo","11":"category-televisao","12":"tag-resumo-do-dia"},"_links":{"self":[{"href":"https:\/\/migracao.redenoticia.com.br\/noticia\/wp-json\/wp\/v2\/posts\/243237","targetHints":{"allow":["GET"]}}],"collection":[{"href":"https:\/\/migracao.redenoticia.com.br\/noticia\/wp-json\/wp\/v2\/posts"}],"about":[{"href":"https:\/\/migracao.redenoticia.com.br\/noticia\/wp-json\/wp\/v2\/types\/post"}],"author":[{"embeddable":true,"href":"https:\/\/migracao.redenoticia.com.br\/noticia\/wp-json\/wp\/v2\/users\/5"}],"replies":[{"embeddable":true,"href":"https:\/\/migracao.redenoticia.com.br\/noticia\/wp-json\/wp\/v2\/comments?post=243237"}],"version-history":[{"count":0,"href":"https:\/\/migracao.redenoticia.com.br\/noticia\/wp-json\/wp\/v2\/posts\/243237\/revisions"}],"wp:featuredmedia":[{"embeddable":true,"href":"https:\/\/migracao.redenoticia.com.br\/noticia\/wp-json\/wp\/v2\/media\/243086"}],"wp:attachment":[{"href":"https:\/\/migracao.redenoticia.com.br\/noticia\/wp-json\/wp\/v2\/media?parent=243237"}],"wp:term":[{"taxonomy":"category","embeddable":true,"href":"https:\/\/migracao.redenoticia.com.br\/noticia\/wp-json\/wp\/v2\/categories?post=243237"},{"taxonomy":"post_tag","embeddable":true,"href":"https:\/\/migracao.redenoticia.com.br\/noticia\/wp-json\/wp\/v2\/tags?post=243237"}],"curies":[{"name":"wp","href":"https:\/\/api.w.org\/{rel}","templated":true}]}}