{"id":243419,"date":"2024-03-28T18:40:36","date_gmt":"2024-03-28T21:40:36","guid":{"rendered":"https:\/\/www.redenoticia.com.br\/noticia\/?p=243419"},"modified":"2024-03-28T18:40:36","modified_gmt":"2024-03-28T21:40:36","slug":"resumo-cheias-de-charme-29-03-inacio-pede-a-ajuda-a-rosario-para-salvar-o-bufe","status":"publish","type":"post","link":"https:\/\/migracao.redenoticia.com.br\/noticia\/2024\/resumo-cheias-de-charme-29-03-inacio-pede-a-ajuda-a-rosario-para-salvar-o-bufe\/243419","title":{"rendered":"Resumo &#8220;Cheias de Charme&#8221; 29\/03: In\u00e1cio pede a ajuda a Ros\u00e1rio para salvar o buf\u00ea"},"content":{"rendered":"<p> <img loading=\"lazy\" decoding=\"async\" src=\"https:\/\/migracao.redenoticia.com.br\/noticia\/imagens\/cheias-de-charme-resumo-novela.jpg\" alt=\"\" width=\"1280\" height=\"720\" class=\"aligncenter size-full wp-image-243085\" srcset=\"https:\/\/migracao.redenoticia.com.br\/noticia\/imagens\/cheias-de-charme-resumo-novela.jpg 1280w, https:\/\/migracao.redenoticia.com.br\/noticia\/imagens\/cheias-de-charme-resumo-novela-250x140.jpg 250w, https:\/\/migracao.redenoticia.com.br\/noticia\/imagens\/cheias-de-charme-resumo-novela-400x225.jpg 400w, https:\/\/migracao.redenoticia.com.br\/noticia\/imagens\/cheias-de-charme-resumo-novela-768x432.jpg 768w, https:\/\/migracao.redenoticia.com.br\/noticia\/imagens\/cheias-de-charme-resumo-novela-150x85.jpg 150w\" sizes=\"auto, (max-width: 1280px) 100vw, 1280px\" \/> <\/p>\n<p><em><strong>Resumo da novela &#8220;Cheias de Charme&#8221;<\/strong><\/em> em 29\/03: no cap\u00edtulo 017(*) da novela, Ros\u00e1rio conversa com In\u00e1cio sobre o seu sonho de virar cantora. Naldo e Kleiton lamentam a morte de Socorro. Sandro tenta fazer as pazes com Penha, mas ela o rejeita. Sarmento se anima com a ideia de ter Otto como cliente do escrit\u00f3rio. In\u00e1cio conta para Ros\u00e1rio que ele e Sidney compraram o Aperitivo Buf\u00ea e prop\u00f5e que ela trabalhe com eles. Penha vai resolver problemas do trabalho quando \u00e9 avisada por Alana de que Patrick brigou na escola. Ariela v\u00ea Chayene no cabeleireiro e se aproxima da cantora. Sidney descobre que o buf\u00ea tem uma encomenda pendente para entrega e se desespera.<\/p>\n<p>In\u00e1cio pede a ajuda a Ros\u00e1rio para salvar o buf\u00ea. Sandro chega ao col\u00e9gio do filho com os amigos e causa uma confus\u00e3o. Ariela conta para Humberto que ficou amiga de Chayene. S\u00f4nia ajuda Cida a se arrumar para o encontro com Conrado. Valda alerta Cida para tomar cuidado com o novo namorado. S\u00f4nia e Sarmento recebem Conrado e M\u00e1slova em casa. Fabian flagra Ros\u00e1rio cantando enquanto trabalha e fica encantado. Samuel para no hospital por bebedeira e Penha vai busc\u00e1-lo no lugar de Lygia.<\/p>\n<p>(*) edi\u00e7\u00e3o das novelas da Globo, &#8220;Cheias de Charme&#8221;, sujeito a altera\u00e7\u00e3o de data e conte\u00fado.<\/p>\n<p>Sinopse \u201cCheias de Charme\u201d: Penha se apaixona por Gilson. O que ela desconhece \u00e9 que o gal\u00e3 \u00e9 uma antiga paix\u00e3o de juventude de Lygia e o verdadeiro pai de Samuel. Ap\u00f3s conquistar os holofotes, Ros\u00e1rio decide investir em sua carreira como cantora solo. Separada de In\u00e1cio devido a uma arma\u00e7\u00e3o de Fabian e Tom Bastos, ela aceita fazer uma turn\u00ea ao lado do pr\u00edncipe das dom\u00e9sticas, mas Chayene, revoltada com o suposto romance entre o cantor e sua rival, acaba desfigurando o rosto de Fabian ao lhe atirar um prato de sopa quente. <\/p>\n<p>Para n\u00e3o prejudicar os contratos que assinou, Tom Bastos convence In\u00e1cio a se passar por Fabian nos palcos enquanto \u00e9 dublado pelo original. Cida descobre que o ex-patr\u00e3o \u00e9 seu verdadeiro pai. Ernani leva Cida de volta para a mans\u00e3o. Agora \u00e9 ela quem sustenta a casa e d\u00e1 as carta ali, estremecendo o casamento j\u00e1 abalado entre Isadora e Conrado. No entanto, essa reaproxima\u00e7\u00e3o de Cida com os Sarmentos lhe custa o fim de seu namoro com o \u00edntegro advogado Elano.<\/p>\n","protected":false},"excerpt":{"rendered":"<p>Resumo da novela &#8220;Cheias de Charme&#8221; em 29\/03: no cap\u00edtulo 017(*) da novela, Ros\u00e1rio conversa com In\u00e1cio sobre o seu sonho de virar cantora. Naldo e Kleiton lamentam a morte de Socorro. Sandro tenta fazer as pazes com Penha, mas ela o rejeita. Sarmento se anima com a ideia de ter Otto como cliente do [&hellip;]<\/p>\n","protected":false},"author":3,"featured_media":243086,"comment_status":"closed","ping_status":"closed","sticky":false,"template":"","format":"standard","meta":{"tdm_status":"","tdm_grid_status":"","footnotes":""},"categories":[2325,379,375,2025,343],"tags":[441],"class_list":{"0":"post-243419","1":"post","2":"type-post","3":"status-publish","4":"format-standard","5":"has-post-thumbnail","7":"category-cheias-de-charme","8":"category-novelas","9":"category-rede-globo","10":"category-resumo","11":"category-televisao","12":"tag-resumo-do-dia"},"_links":{"self":[{"href":"https:\/\/migracao.redenoticia.com.br\/noticia\/wp-json\/wp\/v2\/posts\/243419","targetHints":{"allow":["GET"]}}],"collection":[{"href":"https:\/\/migracao.redenoticia.com.br\/noticia\/wp-json\/wp\/v2\/posts"}],"about":[{"href":"https:\/\/migracao.redenoticia.com.br\/noticia\/wp-json\/wp\/v2\/types\/post"}],"author":[{"embeddable":true,"href":"https:\/\/migracao.redenoticia.com.br\/noticia\/wp-json\/wp\/v2\/users\/3"}],"replies":[{"embeddable":true,"href":"https:\/\/migracao.redenoticia.com.br\/noticia\/wp-json\/wp\/v2\/comments?post=243419"}],"version-history":[{"count":0,"href":"https:\/\/migracao.redenoticia.com.br\/noticia\/wp-json\/wp\/v2\/posts\/243419\/revisions"}],"wp:featuredmedia":[{"embeddable":true,"href":"https:\/\/migracao.redenoticia.com.br\/noticia\/wp-json\/wp\/v2\/media\/243086"}],"wp:attachment":[{"href":"https:\/\/migracao.redenoticia.com.br\/noticia\/wp-json\/wp\/v2\/media?parent=243419"}],"wp:term":[{"taxonomy":"category","embeddable":true,"href":"https:\/\/migracao.redenoticia.com.br\/noticia\/wp-json\/wp\/v2\/categories?post=243419"},{"taxonomy":"post_tag","embeddable":true,"href":"https:\/\/migracao.redenoticia.com.br\/noticia\/wp-json\/wp\/v2\/tags?post=243419"}],"curies":[{"name":"wp","href":"https:\/\/api.w.org\/{rel}","templated":true}]}}