{"id":24343,"date":"2010-03-11T10:09:48","date_gmt":"2010-03-11T14:09:48","guid":{"rendered":"http:\/\/www.redenoticia.com.br\/noticia\/?p=24343"},"modified":"2010-03-11T10:09:48","modified_gmt":"2010-03-11T14:09:48","slug":"concurso-petrobras-2010-cesgranrio-%e2%80%93-edital-e-inscricao-para-501-vagas","status":"publish","type":"post","link":"https:\/\/migracao.redenoticia.com.br\/noticia\/2010\/concurso-petrobras-2010-cesgranrio-%e2%80%93-edital-e-inscricao-para-501-vagas\/24343","title":{"rendered":"Concurso Petrobras 2010 Cesgranrio \u2013 edital e inscri\u00e7\u00e3o para 501 vagas"},"content":{"rendered":"<p><img loading=\"lazy\" decoding=\"async\" class=\"alignleft size-full wp-image-19239\" title=\"concurso publico vagas inscri\u00e7\u00e3o\" src=\"https:\/\/migracao.redenoticia.com.br\/noticia\/imagens\/concurso-publico-vagas-inscri\u00e7\u00e3o.jpg\" alt=\"\" width=\"300\" height=\"193\" srcset=\"https:\/\/migracao.redenoticia.com.br\/noticia\/imagens\/concurso-publico-vagas-inscri\u00e7\u00e3o.jpg 300w, https:\/\/migracao.redenoticia.com.br\/noticia\/imagens\/concurso-publico-vagas-inscri\u00e7\u00e3o-150x96.jpg 150w, https:\/\/migracao.redenoticia.com.br\/noticia\/imagens\/concurso-publico-vagas-inscri\u00e7\u00e3o-250x160.jpg 250w\" sizes=\"auto, (max-width: 300px) 100vw, 300px\" \/>Concurso Petrobras 2010 Cesgranrio &#8211; a <strong><em>Petrobras<\/em><\/strong> abriu a partir de hoje (11\/03\/2010), inscri\u00e7\u00e3o no <strong><em>concurso<\/em><\/strong> p\u00fablico <strong><em>2010<\/em><\/strong> para provimento de vagas e forma\u00e7\u00e3o de cadastro, pela Funda\u00e7\u00e3o <strong><em>Cesgranrio<\/em><\/strong> (<a href=\"http:\/\/www.cesgranrio.org.br\/\" target=\"_blank\">www.cesgranrio.org.br<\/a>). Segundo o <strong><em>edital<\/em><\/strong>, o\u00a0Processo Seletivo P\u00fablico ser\u00e1 constitu\u00eddo de avalia\u00e7\u00e3o da qualifica\u00e7\u00e3o t\u00e9cnica dos candidatos, por meio da aplica\u00e7\u00e3o de Provas Objetivas (para todos os cargos), sendo as Provas de Conhecimentos B\u00e1sicos de car\u00e1ter eliminat\u00f3rio e as Provas de Conhecimentos Espec\u00edficos de car\u00e1ter eliminat\u00f3rio e classificat\u00f3rio, e de Exame de Capacita\u00e7\u00e3o F\u00edsica (somente para os cargos de Inspetor de Seguran\u00e7a Interna J\u00fanior, T\u00e9cnico de Perfura\u00e7\u00e3o e Po\u00e7os J\u00fanior e T\u00e9cnico de Seguran\u00e7a J\u00fanior), de car\u00e1ter eliminat\u00f3rio.<\/p>\n<p>A inscri\u00e7\u00e3o no concurso Petrobras 2010 dever\u00e1 ser efetuada, entre 11 e 21 de mar\u00e7o de 2010, na p\u00e1gina da Funda\u00e7\u00e3o Cesgranrio (<a href=\"http:\/\/www.cesgranrio.org.br\/\" target=\"_blank\">www.cesgranrio.org.br<\/a>), onde o edital est\u00e1 dispon\u00edvel para consulta e download. O recolhimento da taxa de inscri\u00e7\u00e3o ser\u00e1 de R$ 27,00, para os cargos de N\u00edvel M\u00e9dio, e de R$ 40,00 para os cargos de N\u00edvel Superior.<\/p>\n<p>A aplica\u00e7\u00e3o das Provas Objetivas do concurso Petrobras 2010 para os cargos de Inspetor de Seguran\u00e7a Interna J\u00fanior, T\u00e9cnico de Perfura\u00e7\u00e3o e Po\u00e7os J\u00fanior e T\u00e9cnico de Seguran\u00e7a J\u00fanior ser\u00e1 aplicada na data de <strong>25 de abril <\/strong>de 2010, para os demais cargos ser\u00e1 no dia <strong>16 de maio<\/strong> de 2010.\u00a0O prazo de validade do Processo Seletivo P\u00fablico esgotar-se-\u00e1 em 6 meses, a contar da data de publica\u00e7\u00e3o do Edital de homologa\u00e7\u00e3o dos resultados finais, podendo vir a ser prorrogado, uma \u00fanica vez, por igual per\u00edodo, a crit\u00e9rio da Petrobras.<\/p>\n<p>Concurso Petrobras 2010 Cesgranrio<\/p>\n","protected":false},"excerpt":{"rendered":"<p>Concurso Petrobras 2010 Cesgranrio &#8211; a Petrobras abriu a partir de hoje (11\/03\/2010), inscri\u00e7\u00e3o no concurso p\u00fablico 2010 para provimento de vagas e forma\u00e7\u00e3o de cadastro, pela Funda\u00e7\u00e3o Cesgranrio (www.cesgranrio.org.br). Segundo o edital, o\u00a0Processo Seletivo P\u00fablico ser\u00e1 constitu\u00eddo de avalia\u00e7\u00e3o da qualifica\u00e7\u00e3o t\u00e9cnica dos candidatos, por meio da aplica\u00e7\u00e3o de Provas Objetivas (para todos os [&hellip;]<\/p>\n","protected":false},"author":3,"featured_media":19239,"comment_status":"open","ping_status":"open","sticky":false,"template":"","format":"standard","meta":{"tdm_status":"","tdm_grid_status":"","footnotes":""},"categories":[22,352,370],"tags":[],"class_list":{"0":"post-24343","1":"post","2":"type-post","3":"status-publish","4":"format-standard","5":"has-post-thumbnail","7":"category-brasil","8":"category-concursos","9":"category-inscricao"},"_links":{"self":[{"href":"https:\/\/migracao.redenoticia.com.br\/noticia\/wp-json\/wp\/v2\/posts\/24343","targetHints":{"allow":["GET"]}}],"collection":[{"href":"https:\/\/migracao.redenoticia.com.br\/noticia\/wp-json\/wp\/v2\/posts"}],"about":[{"href":"https:\/\/migracao.redenoticia.com.br\/noticia\/wp-json\/wp\/v2\/types\/post"}],"author":[{"embeddable":true,"href":"https:\/\/migracao.redenoticia.com.br\/noticia\/wp-json\/wp\/v2\/users\/3"}],"replies":[{"embeddable":true,"href":"https:\/\/migracao.redenoticia.com.br\/noticia\/wp-json\/wp\/v2\/comments?post=24343"}],"version-history":[{"count":0,"href":"https:\/\/migracao.redenoticia.com.br\/noticia\/wp-json\/wp\/v2\/posts\/24343\/revisions"}],"wp:featuredmedia":[{"embeddable":true,"href":"https:\/\/migracao.redenoticia.com.br\/noticia\/wp-json\/wp\/v2\/media\/19239"}],"wp:attachment":[{"href":"https:\/\/migracao.redenoticia.com.br\/noticia\/wp-json\/wp\/v2\/media?parent=24343"}],"wp:term":[{"taxonomy":"category","embeddable":true,"href":"https:\/\/migracao.redenoticia.com.br\/noticia\/wp-json\/wp\/v2\/categories?post=24343"},{"taxonomy":"post_tag","embeddable":true,"href":"https:\/\/migracao.redenoticia.com.br\/noticia\/wp-json\/wp\/v2\/tags?post=24343"}],"curies":[{"name":"wp","href":"https:\/\/api.w.org\/{rel}","templated":true}]}}