{"id":243518,"date":"2024-04-01T12:35:45","date_gmt":"2024-04-01T15:35:45","guid":{"rendered":"https:\/\/www.redenoticia.com.br\/noticia\/?p=243518"},"modified":"2024-04-01T12:35:45","modified_gmt":"2024-04-01T15:35:45","slug":"resumo-minha-fortuna-e-te-amar-02-04-os-planos-de-adriano-e-elias-estao-em-perigo","status":"publish","type":"post","link":"https:\/\/migracao.redenoticia.com.br\/noticia\/2024\/resumo-minha-fortuna-e-te-amar-02-04-os-planos-de-adriano-e-elias-estao-em-perigo\/243518","title":{"rendered":"Resumo \u201cMinha Fortuna \u00e9 Te Amar\u201d 02\/04: Os planos de Adriano e El\u00edas est\u00e3o em perigo"},"content":{"rendered":"<p> <img loading=\"lazy\" decoding=\"async\" src=\"https:\/\/migracao.redenoticia.com.br\/noticia\/imagens\/minha-fortuna-e-te-amar-sbt-resumo-elenco.jpg\" alt=\"\" width=\"1280\" height=\"720\" class=\"aligncenter size-full wp-image-240072\" srcset=\"https:\/\/migracao.redenoticia.com.br\/noticia\/imagens\/minha-fortuna-e-te-amar-sbt-resumo-elenco.jpg 1280w, https:\/\/migracao.redenoticia.com.br\/noticia\/imagens\/minha-fortuna-e-te-amar-sbt-resumo-elenco-250x140.jpg 250w, https:\/\/migracao.redenoticia.com.br\/noticia\/imagens\/minha-fortuna-e-te-amar-sbt-resumo-elenco-400x225.jpg 400w, https:\/\/migracao.redenoticia.com.br\/noticia\/imagens\/minha-fortuna-e-te-amar-sbt-resumo-elenco-768x432.jpg 768w, https:\/\/migracao.redenoticia.com.br\/noticia\/imagens\/minha-fortuna-e-te-amar-sbt-resumo-elenco-150x85.jpg 150w\" sizes=\"auto, (max-width: 1280px) 100vw, 1280px\" \/> <\/p>\n<p><strong><em>Resumo da novela \u201cMinha Fortuna \u00e9 Te Amar\u201d<\/em><\/strong> em 02\/04: no cap\u00edtulo 084(*) da novela, Claudio chega desconfort\u00e1vel \u00e0 casa de Sol e descobre Teresa com Juli\u00e1n Reus. Juanga acredita que conversando com Olga conseguir\u00e1 reconquistar seu amor, mas \u00e9 rejeitado mais uma vez por ela. Teresa est\u00e1 farta do comportamento de Cl\u00e1udio e exige o div\u00f3rcio. Vicente se despede de Nat\u00e1lia e lhe entrega a documenta\u00e7\u00e3o da casa, mas Benjamin aparece e se recusa a sair com um apelo pelo pai.<\/p>\n<p>Os planos de Adriano e El\u00edas est\u00e3o em perigo, pois tudo indica que est\u00e3o sendo perseguidos por um espi\u00e3o. Vicente deixa claro para Olga que n\u00e3o dormir\u00e1 ao lado dela como marido e mulher, pois n\u00e3o pretende aliment\u00e1-la com esperan\u00e7as, j\u00e1 que ama outra mulher. Nat\u00e1lia \u00e9 detida pela pol\u00edcia para solicitar o seu apoio, devido aos crimes que Adriano, El\u00edas e Mario cometeram. Adriano sequestra Ver\u00f3nica para pedir-lhe que deixe o pa\u00eds em troca de uma grande quantia em dinheiro. <\/p>\n<p>Nat\u00e1lia tenta ser convencida a ser espi\u00e3 da pol\u00edcia e denunciar o que est\u00e1 acontecendo com Adriano e seus amigos. Samia chega ao escrit\u00f3rio do marido e se surpreende ao ver que ele est\u00e1 beijando Ver\u00f4nica. M\u00e1rio garante a Nat\u00e1lia que n\u00e3o tem nada a ver com os crimes de que \u00e9 acusado. Nat\u00e1lia vai \u00e0 casa de Adriano para lhe dizer que est\u00e1 pronta para continuar o relacionamento.<\/p>\n<p>(*) edi\u00e7\u00e3o das novelas do SBT, \u201cMinha Fortuna \u00e9 Te Amar\u201d, sujeito a altera\u00e7\u00e3o de data e conte\u00fado.<\/p>\n<p>Sinopse \u201cMinha Fortuna \u00e9 Te Amar\u201d: Adri\u00e1n e Ver\u00f3nica tra\u00e7aram um plano para fugir depois de terem enganado os clientes da imobili\u00e1ria onde s\u00e3o ambos s\u00f3cios, juntamente com Mario, namorado de Ver\u00f3nica. Adri\u00e1n deixa Natalia, sua esposa, falida. Natalia, em meio a sua situa\u00e7\u00e3o, decide seguir em frente para criar as filhas Andrea e Regina.<\/p>\n<p>Por outro lado, Vicente Ram\u00edrez sofre a perda de sua esposa Luc\u00eda, que \u00e9 morta em um assalto. O filho de Vicente, Benjam\u00edn sofre o trauma que o deixa sem fala. Vicente \u00e9 v\u00edtima de fraude pela imobili\u00e1ria de Adri\u00e1n. A vida de Nat\u00e1lia e Vicente se confunde quando ele chega \u00e0 imobili\u00e1ria para reclamar o dinheiro que lhe foi roubado.<\/p>\n","protected":false},"excerpt":{"rendered":"<p>Resumo da novela \u201cMinha Fortuna \u00e9 Te Amar\u201d em 02\/04: no cap\u00edtulo 084(*) da novela, Claudio chega desconfort\u00e1vel \u00e0 casa de Sol e descobre Teresa com Juli\u00e1n Reus. Juanga acredita que conversando com Olga conseguir\u00e1 reconquistar seu amor, mas \u00e9 rejeitado mais uma vez por ela. Teresa est\u00e1 farta do comportamento de Cl\u00e1udio e exige [&hellip;]<\/p>\n","protected":false},"author":2,"featured_media":240073,"comment_status":"closed","ping_status":"closed","sticky":false,"template":"","format":"standard","meta":{"tdm_status":"","tdm_grid_status":"","footnotes":""},"categories":[2320,379,2025,372,343],"tags":[441],"class_list":{"0":"post-243518","1":"post","2":"type-post","3":"status-publish","4":"format-standard","5":"has-post-thumbnail","7":"category-minha-fortuna-e-te-amar","8":"category-novelas","9":"category-resumo","10":"category-sbt","11":"category-televisao","12":"tag-resumo-do-dia"},"_links":{"self":[{"href":"https:\/\/migracao.redenoticia.com.br\/noticia\/wp-json\/wp\/v2\/posts\/243518","targetHints":{"allow":["GET"]}}],"collection":[{"href":"https:\/\/migracao.redenoticia.com.br\/noticia\/wp-json\/wp\/v2\/posts"}],"about":[{"href":"https:\/\/migracao.redenoticia.com.br\/noticia\/wp-json\/wp\/v2\/types\/post"}],"author":[{"embeddable":true,"href":"https:\/\/migracao.redenoticia.com.br\/noticia\/wp-json\/wp\/v2\/users\/2"}],"replies":[{"embeddable":true,"href":"https:\/\/migracao.redenoticia.com.br\/noticia\/wp-json\/wp\/v2\/comments?post=243518"}],"version-history":[{"count":0,"href":"https:\/\/migracao.redenoticia.com.br\/noticia\/wp-json\/wp\/v2\/posts\/243518\/revisions"}],"wp:featuredmedia":[{"embeddable":true,"href":"https:\/\/migracao.redenoticia.com.br\/noticia\/wp-json\/wp\/v2\/media\/240073"}],"wp:attachment":[{"href":"https:\/\/migracao.redenoticia.com.br\/noticia\/wp-json\/wp\/v2\/media?parent=243518"}],"wp:term":[{"taxonomy":"category","embeddable":true,"href":"https:\/\/migracao.redenoticia.com.br\/noticia\/wp-json\/wp\/v2\/categories?post=243518"},{"taxonomy":"post_tag","embeddable":true,"href":"https:\/\/migracao.redenoticia.com.br\/noticia\/wp-json\/wp\/v2\/tags?post=243518"}],"curies":[{"name":"wp","href":"https:\/\/api.w.org\/{rel}","templated":true}]}}