{"id":24353,"date":"2010-03-11T19:26:25","date_gmt":"2010-03-11T23:26:25","guid":{"rendered":"http:\/\/www.redenoticia.com.br\/noticia\/?p=24353"},"modified":"2010-03-12T17:06:01","modified_gmt":"2010-03-12T21:06:01","slug":"enem-2010-previsto-para-outubro","status":"publish","type":"post","link":"https:\/\/migracao.redenoticia.com.br\/noticia\/2010\/enem-2010-previsto-para-outubro\/24353","title":{"rendered":"Enem 2010 &#8211; previsto para outubro"},"content":{"rendered":"<p><strong><em><img loading=\"lazy\" decoding=\"async\" class=\"alignleft size-full wp-image-19313\" title=\"enem 2010\" src=\"https:\/\/migracao.redenoticia.com.br\/noticia\/imagens\/enem-2009-gabarito.jpg\" alt=\"\" width=\"300\" height=\"193\" srcset=\"https:\/\/migracao.redenoticia.com.br\/noticia\/imagens\/enem-2009-gabarito.jpg 300w, https:\/\/migracao.redenoticia.com.br\/noticia\/imagens\/enem-2009-gabarito-250x160.jpg 250w, https:\/\/migracao.redenoticia.com.br\/noticia\/imagens\/enem-2009-gabarito-150x96.jpg 150w\" sizes=\"auto, (max-width: 300px) 100vw, 300px\" \/>Enem 2010<\/em><\/strong> &#8211; o ministro Fernando Haddad, da Educa\u00e7\u00e3o, anunciou na manh\u00e3 desta quarta-feira, 10, em S\u00e3o Paulo, que o Minist\u00e9rio da Educa\u00e7\u00e3o, ao contr\u00e1rio do que pretendia, s\u00f3 far\u00e1 uma edi\u00e7\u00e3o do Exame Nacional do Ensino M\u00e9dio (Enem) em 2010. A data est\u00e1 sendo discutida nesta quarta-feira entre os reitores dos institutos e das universidades federais com a dire\u00e7\u00e3o do Instituto Nacional de Estudos e Pesquisas Educacionais (Inep), e provavelmente ser\u00e1 marcada para final de outubro, em raz\u00e3o do pleito eleitoral que se realiza durante aquele m\u00eas.\u00a0<\/p>\n<p>A negocia\u00e7\u00e3o com os \u00f3rg\u00e3os de controle federais \u2013 Controladoria-Geral da Uni\u00e3o (CGU) e Tribunal de Contas da Uni\u00e3o (TCU) \u2013 foi determinante na decis\u00e3o do ministro Haddad. Ele est\u00e1 convencido de que, para a realiza\u00e7\u00e3o de exame nas dimens\u00f5es do Enem, com mais de 4 milh\u00f5es de inscritos, em todo o territ\u00f3rio nacional, e com um n\u00edvel de sigilo bastante exigente, o modelo adequado \u00e9 a contrata\u00e7\u00e3o direta. Os \u00f3rg\u00e3os de controle, por sua vez, manifestaram-se preliminarmente corroborando a orienta\u00e7\u00e3o do MEC.\u00a0<\/p>\n<p>Por outro lado, dependendo do interesse dos institutos e universidades federais, as vagas de meio de ano poder\u00e3o ser selecionadas pelo Sistema de Sele\u00e7\u00e3o Unificada (Sisu), com base no Enem do ano passado. Isso quer dizer que os estudantes que n\u00e3o conseguiram vagas no atual processo de sele\u00e7\u00e3o, ainda em curso, ter\u00e3o outra chance em maio ou junho.<\/p>\n<p>Luciana Yonekawa<\/p>\n","protected":false},"excerpt":{"rendered":"<p>Enem 2010 &#8211; o ministro Fernando Haddad, da Educa\u00e7\u00e3o, anunciou na manh\u00e3 desta quarta-feira, 10, em S\u00e3o Paulo, que o Minist\u00e9rio da Educa\u00e7\u00e3o, ao contr\u00e1rio do que pretendia, s\u00f3 far\u00e1 uma edi\u00e7\u00e3o do Exame Nacional do Ensino M\u00e9dio (Enem) em 2010. A data est\u00e1 sendo discutida nesta quarta-feira entre os reitores dos institutos e das [&hellip;]<\/p>\n","protected":false},"author":3,"featured_media":19313,"comment_status":"open","ping_status":"open","sticky":false,"template":"","format":"standard","meta":{"tdm_status":"","tdm_grid_status":"","footnotes":""},"categories":[22,370,295],"tags":[],"class_list":{"0":"post-24353","1":"post","2":"type-post","3":"status-publish","4":"format-standard","5":"has-post-thumbnail","7":"category-brasil","8":"category-inscricao","9":"category-vestibular"},"_links":{"self":[{"href":"https:\/\/migracao.redenoticia.com.br\/noticia\/wp-json\/wp\/v2\/posts\/24353","targetHints":{"allow":["GET"]}}],"collection":[{"href":"https:\/\/migracao.redenoticia.com.br\/noticia\/wp-json\/wp\/v2\/posts"}],"about":[{"href":"https:\/\/migracao.redenoticia.com.br\/noticia\/wp-json\/wp\/v2\/types\/post"}],"author":[{"embeddable":true,"href":"https:\/\/migracao.redenoticia.com.br\/noticia\/wp-json\/wp\/v2\/users\/3"}],"replies":[{"embeddable":true,"href":"https:\/\/migracao.redenoticia.com.br\/noticia\/wp-json\/wp\/v2\/comments?post=24353"}],"version-history":[{"count":0,"href":"https:\/\/migracao.redenoticia.com.br\/noticia\/wp-json\/wp\/v2\/posts\/24353\/revisions"}],"wp:featuredmedia":[{"embeddable":true,"href":"https:\/\/migracao.redenoticia.com.br\/noticia\/wp-json\/wp\/v2\/media\/19313"}],"wp:attachment":[{"href":"https:\/\/migracao.redenoticia.com.br\/noticia\/wp-json\/wp\/v2\/media?parent=24353"}],"wp:term":[{"taxonomy":"category","embeddable":true,"href":"https:\/\/migracao.redenoticia.com.br\/noticia\/wp-json\/wp\/v2\/categories?post=24353"},{"taxonomy":"post_tag","embeddable":true,"href":"https:\/\/migracao.redenoticia.com.br\/noticia\/wp-json\/wp\/v2\/tags?post=24353"}],"curies":[{"name":"wp","href":"https:\/\/api.w.org\/{rel}","templated":true}]}}